{"id":9954,"date":"2018-09-04T17:55:36","date_gmt":"2018-09-04T16:55:36","guid":{"rendered":"http:\/\/teatrodovestido.org\/?p=9954"},"modified":"2018-09-04T17:55:36","modified_gmt":"2018-09-04T16:55:36","slug":"um-museu-vivo-de-memorias-pequenas-e-esquecidas-12","status":"publish","type":"post","link":"http:\/\/teatrodovestido.org\/blog\/?p=9954","title":{"rendered":"UM MUSEU VIVO DE MEM\u00d3RIAS PEQUENAS E ESQUECIDAS"},"content":{"rendered":"<h6 style=\"text-align: right;\"><a href=\"http:\/\/teatrodovestido.org\/blog\/wp-content\/uploads\/2015\/07\/Teatro-do-Vestido_Um-Museu-Vivo-de-Mem\u00f3rias-Pequenas-e-Esquecidas_\u00a9Jo\u00e3o-Tuna.jpg\"><img loading=\"lazy\" decoding=\"async\" class=\"aligncenter wp-image-5747 size-full\" src=\"http:\/\/teatrodovestido.org\/blog\/wp-content\/uploads\/2015\/07\/Teatro-do-Vestido_Um-Museu-Vivo-de-Mem\u00f3rias-Pequenas-e-Esquecidas_\u00a9Jo\u00e3o-Tuna.jpg\" alt=\"\" width=\"3500\" height=\"2332\" srcset=\"http:\/\/teatrodovestido.org\/blog\/wp-content\/uploads\/2015\/07\/Teatro-do-Vestido_Um-Museu-Vivo-de-Mem\u00f3rias-Pequenas-e-Esquecidas_\u00a9Jo\u00e3o-Tuna.jpg 3500w, http:\/\/teatrodovestido.org\/blog\/wp-content\/uploads\/2015\/07\/Teatro-do-Vestido_Um-Museu-Vivo-de-Mem\u00f3rias-Pequenas-e-Esquecidas_\u00a9Jo\u00e3o-Tuna-300x199.jpg 300w, http:\/\/teatrodovestido.org\/blog\/wp-content\/uploads\/2015\/07\/Teatro-do-Vestido_Um-Museu-Vivo-de-Mem\u00f3rias-Pequenas-e-Esquecidas_\u00a9Jo\u00e3o-Tuna-1024x682.jpg 1024w, http:\/\/teatrodovestido.org\/blog\/wp-content\/uploads\/2015\/07\/Teatro-do-Vestido_Um-Museu-Vivo-de-Mem\u00f3rias-Pequenas-e-Esquecidas_\u00a9Jo\u00e3o-Tuna-500x333.jpg 500w\" sizes=\"(max-width: 3500px) 100vw, 3500px\" \/><\/a>\u00a9TUNA TdV<\/h6>\n<h3 style=\"text-align: center;\"><\/h3>\n<h3 style=\"text-align: center;\"><span style=\"color: #000000;\"><strong>O Teatro do Vestido em digress\u00e3o pelo Brasil com o seu <\/strong><\/span><\/h3>\n<h3 style=\"text-align: center;\"><span style=\"color: #000000;\"><strong>espect\u00e1culo-acontecimento<\/strong><\/span><\/h3>\n<h4><\/h4>\n<h4><\/h4>\n<h4><span style=\"color: #808080;\"><strong>Festival Mirada | 06 e 07\u00a0 de Setembro, 19h | C.A.I.S Vila Mathias, Santos<\/strong><\/span><\/h4>\n<h4><span style=\"color: #808080;\"><strong>FIT-BH 2018 | 14 e 15 de Setembro, 19h e 15h| Teatro Mar\u00edlia, Belo Horizonte\u00a0<\/strong><\/span><\/h4>\n<h4 style=\"text-align: justify;\">Constru\u00eddo a partir de uma intensa pesquisa ao longo de 4 anos, este projecto percorre mais de 80 anos da hist\u00f3ria de Portugal, centrando-se em tr\u00eas momentos\/per\u00edodos cruciais: A Ditadura do Estado Novo, a Revolu\u00e7\u00e3o do 25 de Abril de 1974, e o Processo Revolucion\u00e1rio que se lhe seguiu e a que alguns chamam PREC, enquanto outros chamam outras coisas mais depreciativas (mas ainda h\u00e1 quem se lembre dele com saudade). Um Museu Vivo de Mem\u00f3rias Pequenas e Esquecidas questiona precisamente algumas das narrativas hegem\u00f3nicas em circula\u00e7\u00e3o sobre estes acontecimentos, bem como algumas das contra-narrativas, algumas mem\u00f3rias consensuais constru\u00eddas e replicadas e reescritas e revistas ao longo dos anos \u2013 contrapondo a isto uma \u2018pequena mem\u00f3ria\u2019 \u2013 pessoal e privada \u2013 a partir de testemunhos de pessoas desconhecidas que viveram estes per\u00edodos e que, tamb\u00e9m elas, t\u00eam a sua hist\u00f3ria para contar. Em 2017, revisitamos novamente\u00a0<em>Um Museu Vivo<\/em>, desta feita integrando um fragmento mais aprofundado sobre a emigra\u00e7\u00e3o portuguesa para Fran\u00e7a durante as d\u00e9cadas de 60\/70 do s\u00e9culo XX, criado a convite do Festival Chantiers d\u2019Europe e do Teatro Municipal S\u00e3o Luiz.<\/h4>\n<h4 style=\"text-align: justify;\">Este espect\u00e1culo foi escrito e dirigido por Joana Craveiro, que o interpreta, em 5h de relatos, perplexidades e assombros v\u00e1rios.<\/h4>\n<h4 style=\"text-align: justify;\">Um Museu Vivo de Mem\u00f3rias Pequenas e Esquecidas esteve na lista dos melhores espect\u00e1culos do ano 2014 dos jornais Expresso e P\u00fablico e foi nomeado para melhor espect\u00e1culo do ano pela Sociedade Portuguesa de Autores. Recebeu o Pr\u00e9mio do P\u00fablico do Festival de Almada em 2015.<\/h4>\n<h4><strong>Investiga\u00e7\u00e3o, texto, direc\u00e7\u00e3o e interpreta\u00e7\u00e3o:\u00a0<\/strong>Joana Craveiro<br \/>\n<strong>Colabora\u00e7\u00e3o criativa e assist\u00eancia:\u00a0<\/strong>Rosinda Costa e T\u00e2nia Guerreiro<br \/>\n<strong>Figurinos:\u00a0<\/strong>Ainhoa Vidal<br \/>\n<strong>Ilumina\u00e7\u00e3o e v\u00eddeo:<\/strong>\u00a0Jo\u00e3o Cachulo<br \/>\n<strong>Opera\u00e7\u00e3o de som e assist\u00eancia t\u00e9cnica:<\/strong>\u00a0Igor de Brito<br \/>\n<strong>Opera\u00e7\u00e3o de luz e v\u00eddeo:<\/strong>\u00a0Carlos Ramos<br \/>\n<strong>Produ\u00e7\u00e3o:\u00a0<\/strong>Cl\u00e1udia Teixeira e Joana Cordeiro<br \/>\n<strong>Co-produ\u00e7\u00e3o:<\/strong>\u00a0Teatro do Vestido e Neg\u00f3cio\/ZDB<\/h4>\n<h4>Para mais informa\u00e7\u00f5es, por favor consulte os sites do <a href=\"https:\/\/mirada.sescsp.org.br\/pt\/programacao\/espetaculos\/um-museu-vivo-de-memorias-pequenas-e-esquecidas\">Festival Mirada<\/a> e do <a href=\"http:\/\/fitbh.com.br\/ummuseuvivo\/\">FIT-BH 2018<\/a><\/h4>\n<h4><span style=\"color: #808080;\">O Teatro do Vestido \u00e9 uma estrutura financiada pelo Governo de Portugal \/ Minist\u00e9rio da Cultura\/ Direc\u00e7\u00e3o-Geral das Artes<\/span><\/h4>\n<p><a href=\"http:\/\/teatrodovestido.org\/blog\/wp-content\/uploads\/2015\/04\/Governo-de-Portugal_Secret\u00e1rios-de-Estado-da-Cultura_logo-copy.jpg\"><img loading=\"lazy\" decoding=\"async\" class=\"alignnone  wp-image-5460\" src=\"http:\/\/teatrodovestido.org\/blog\/wp-content\/uploads\/2015\/04\/Governo-de-Portugal_Secret\u00e1rios-de-Estado-da-Cultura_logo-copy-300x87.jpg\" alt=\"Print_OG_SEC_4C_H_FC\" width=\"245\" height=\"71\" srcset=\"http:\/\/teatrodovestido.org\/blog\/wp-content\/uploads\/2015\/04\/Governo-de-Portugal_Secret\u00e1rios-de-Estado-da-Cultura_logo-copy-300x87.jpg 300w, http:\/\/teatrodovestido.org\/blog\/wp-content\/uploads\/2015\/04\/Governo-de-Portugal_Secret\u00e1rios-de-Estado-da-Cultura_logo-copy-1024x299.jpg 1024w, http:\/\/teatrodovestido.org\/blog\/wp-content\/uploads\/2015\/04\/Governo-de-Portugal_Secret\u00e1rios-de-Estado-da-Cultura_logo-copy-500x146.jpg 500w, http:\/\/teatrodovestido.org\/blog\/wp-content\/uploads\/2015\/04\/Governo-de-Portugal_Secret\u00e1rios-de-Estado-da-Cultura_logo-copy.jpg 1770w\" sizes=\"(max-width: 245px) 100vw, 245px\" \/><\/a><a href=\"http:\/\/teatrodovestido.org\/blog\/wp-content\/uploads\/2015\/04\/dgartes_logo.jpg\"><img loading=\"lazy\" decoding=\"async\" class=\"alignnone  wp-image-5461\" src=\"http:\/\/teatrodovestido.org\/blog\/wp-content\/uploads\/2015\/04\/dgartes_logo-300x83.jpg\" alt=\"dgartes_logo\" width=\"242\" height=\"67\" srcset=\"http:\/\/teatrodovestido.org\/blog\/wp-content\/uploads\/2015\/04\/dgartes_logo-300x83.jpg 300w, http:\/\/teatrodovestido.org\/blog\/wp-content\/uploads\/2015\/04\/dgartes_logo-1024x284.jpg 1024w, http:\/\/teatrodovestido.org\/blog\/wp-content\/uploads\/2015\/04\/dgartes_logo-500x138.jpg 500w, http:\/\/teatrodovestido.org\/blog\/wp-content\/uploads\/2015\/04\/dgartes_logo.jpg 1770w\" sizes=\"(max-width: 242px) 100vw, 242px\" \/><\/a><\/p>\n","protected":false},"excerpt":{"rendered":"<p>\u00a9TUNA TdV O Teatro do Vestido em digress\u00e3o pelo Brasil com o seu espect\u00e1culo-acontecimento Festival Mirada | 06 e 07\u00a0 de Setembro, 19h | C.A.I.S Vila Mathias, Santos FIT-BH 2018 | 14 e 15 de Setembro, 19h e 15h| Teatro &hellip; <a href=\"http:\/\/teatrodovestido.org\/blog\/?p=9954\">Continue reading <span class=\"meta-nav\">&rarr;<\/span><\/a><\/p>\n","protected":false},"author":45,"featured_media":0,"comment_status":"closed","ping_status":"closed","sticky":false,"template":"","format":"standard","meta":{"footnotes":""},"categories":[1],"tags":[],"class_list":["post-9954","post","type-post","status-publish","format-standard","hentry","category-tdv"],"_links":{"self":[{"href":"http:\/\/teatrodovestido.org\/blog\/index.php?rest_route=\/wp\/v2\/posts\/9954"}],"collection":[{"href":"http:\/\/teatrodovestido.org\/blog\/index.php?rest_route=\/wp\/v2\/posts"}],"about":[{"href":"http:\/\/teatrodovestido.org\/blog\/index.php?rest_route=\/wp\/v2\/types\/post"}],"author":[{"embeddable":true,"href":"http:\/\/teatrodovestido.org\/blog\/index.php?rest_route=\/wp\/v2\/users\/45"}],"replies":[{"embeddable":true,"href":"http:\/\/teatrodovestido.org\/blog\/index.php?rest_route=%2Fwp%2Fv2%2Fcomments&post=9954"}],"version-history":[{"count":7,"href":"http:\/\/teatrodovestido.org\/blog\/index.php?rest_route=\/wp\/v2\/posts\/9954\/revisions"}],"predecessor-version":[{"id":9973,"href":"http:\/\/teatrodovestido.org\/blog\/index.php?rest_route=\/wp\/v2\/posts\/9954\/revisions\/9973"}],"wp:attachment":[{"href":"http:\/\/teatrodovestido.org\/blog\/index.php?rest_route=%2Fwp%2Fv2%2Fmedia&parent=9954"}],"wp:term":[{"taxonomy":"category","embeddable":true,"href":"http:\/\/teatrodovestido.org\/blog\/index.php?rest_route=%2Fwp%2Fv2%2Fcategories&post=9954"},{"taxonomy":"post_tag","embeddable":true,"href":"http:\/\/teatrodovestido.org\/blog\/index.php?rest_route=%2Fwp%2Fv2%2Ftags&post=9954"}],"curies":[{"name":"wp","href":"https:\/\/api.w.org\/{rel}","templated":true}]}}