{"id":10856,"date":"2026-03-13T12:01:20","date_gmt":"2026-03-13T12:01:20","guid":{"rendered":"https:\/\/teatrodovestido.org\/blog\/?p=10856"},"modified":"2026-03-13T12:01:20","modified_gmt":"2026-03-13T12:01:20","slug":"torrente-cineteatro-louletano","status":"publish","type":"post","link":"http:\/\/teatrodovestido.org\/blog\/?p=10856","title":{"rendered":"TORRENTE Cineteatro Louletano"},"content":{"rendered":"\n<figure class=\"wp-block-gallery has-nested-images columns-default is-cropped wp-block-gallery-1 is-layout-flex wp-block-gallery-is-layout-flex\">\n<figure class=\"wp-block-image size-large\"><a href=\"https:\/\/teatrodovestido.org\/blog\/wp-content\/uploads\/2026\/03\/convite-torrente.jpg\"><img loading=\"lazy\" decoding=\"async\" width=\"707\" height=\"1000\" data-id=\"10857\" src=\"https:\/\/teatrodovestido.org\/blog\/wp-content\/uploads\/2026\/03\/convite-torrente.jpg\" alt=\"\" class=\"wp-image-10857\" srcset=\"http:\/\/teatrodovestido.org\/blog\/wp-content\/uploads\/2026\/03\/convite-torrente.jpg 707w, http:\/\/teatrodovestido.org\/blog\/wp-content\/uploads\/2026\/03\/convite-torrente-212x300.jpg 212w, http:\/\/teatrodovestido.org\/blog\/wp-content\/uploads\/2026\/03\/convite-torrente-354x500.jpg 354w\" sizes=\"(max-width: 707px) 100vw, 707px\" \/><\/a><\/figure>\n<\/figure>\n\n\n\n<p><strong>TORRENTE<br>CINETEATRO LOULETANO<br>19 e 20 de Mar\u00e7o<br>21:00<\/strong><\/p>\n\n\n\n<p class=\"has-text-align-right\"><strong><em>Tanta gente, donde vinha? <\/em><\/strong><br><strong>Eduarda Dion\u00edsio<\/strong><\/p>\n\n\n\n<p>N\u00e3o temos a certeza de tudo j\u00e1 ter sido dito e escrito sobre o processo revolucion\u00e1rio de 1974-75 em Portugal.<\/p>\n\n\n\n<p>Momento \u00edmpar na hist\u00f3ria mundial, esta torrente de ac\u00e7\u00f5es c\u00edvicas, de formas de organiza\u00e7\u00e3o pol\u00edtica de base, de reivindica\u00e7\u00f5es de toda a ordem, por parte de uma popula\u00e7\u00e3o com fraca literacia, despolitizada at\u00e9 pouco tempo antes, a sair de 48 anos de ditadura, n\u00e3o deixa de nos espantar &#8211; a n\u00f3s, que nascemos durante ou depois, que n\u00e3o temos mem\u00f3ria directa de o ter vivido.<\/p>\n\n\n\n<p>Estamos a perguntar sobre isto a quem o viveu desde h\u00e1 15 anos, pelo menos, quando inici\u00e1mos o nosso trabalho documental sobre a mem\u00f3ria pol\u00edtica do s\u00e9culo XX portugu\u00eas.<br>E temos muitas hist\u00f3rias para contar.<\/p>\n\n\n\n<p>Tamb\u00e9m trope\u00e7\u00e1mos num conjunto de obras liter\u00e1rias (e esquecidas) sobre isto &#8211; porque muito do que rodeia este&nbsp;<em>processo&nbsp;<\/em>\u00e9 uma n\u00e9voa de esquecimento e apagamento, apesar da prol\u00edfera produ\u00e7\u00e3o art\u00edstica da \u00e9poca e dos anos que se seguiram, em que a revolu\u00e7\u00e3o e o&nbsp;<em>processo&nbsp;<\/em>eram protagonistas.<\/p>\n\n\n\n<p>Este era o projecto que ainda quer\u00edamos fazer sobre isto.<br>No sil\u00eancio dos 50 anos do processo revolucion\u00e1rio portugu\u00eas.<\/p>\n\n\n\n<p>Um espect\u00e1culo mais po\u00e9tico do que documental, mais evocativo&nbsp;do que informativo, e em que a mem\u00f3ria surge estendida sobre uma mesa de opera\u00e7\u00f5es, pronta a ser dissecada, mas&nbsp;conseguiremos?<\/p>\n\n\n\n<p class=\"has-text-align-right\"><strong><em>Ningu\u00e9m nos inventa.<\/em><br><em>Olga Gon\u00e7alves<\/em><\/strong><\/p>\n\n\n\n<p class=\"has-text-align-right\"><em>Joana Craveiro<\/em><\/p>\n\n\n\n<p><strong>Ficha t\u00e9cnica e art\u00edstica:<\/strong><\/p>\n\n\n\n<p>Texto, Direc\u00e7\u00e3o, Interpreta\u00e7\u00e3o:\u00a0Joana Craveiro<br>Co-cria\u00e7\u00e3o e Interpreta\u00e7\u00e3o:\u00a0Est\u00eav\u00e3o Antunes, Diana Ramalho, In\u00eas Minor, T\u00e2nia Guerreiro, Toz\u00e9\u00a0Cunha<br>M\u00fasica e Espa\u00e7o Sonoro:\u00a0Francisco Madureira<br>Cenografia:\u00a0Carla\u00a0Mart\u00ednez<br>Figurinos:\u00a0T\u00e2nia Guerreiro<br>Imagem e Realiza\u00e7\u00e3o:\u00a0Jo\u00e3o Paulo\u00a0Serafim, Jos\u00e9 Torrado<br>Desenho de Luz:\u00a0Leoc\u00e1dia Silva<br>Participa\u00e7\u00e3o na cria\u00e7\u00e3o: Bernardo Afonso<br>Engenharia e Opera\u00e7\u00e3o de Som:\u00a0Miguel Moura<br>Opera\u00e7\u00e3o de V\u00eddeo:\u00a0Jos\u00e9 Torrado<br>Assist\u00eancia \u00e0 Dire\u00e7\u00e3o Art\u00edstica e ao Movimento:\u00a0Teresa Cunha<br>Comunica\u00e7\u00e3o\u00a0e Assist\u00eancia de Produ\u00e7\u00e3o:\u00a0Maria In\u00eas Augusto<br>Direc\u00e7\u00e3o de Produ\u00e7\u00e3o:\u00a0Ala\u00edde Costa<br>Coprodu\u00e7\u00e3o:\u00a0Teatro Acad\u00e9mico de Gil Vicente, Teatro do Vestido, Cineteatro Louletano, Fitei &#8211; Festival Internacional de Teatro de Express\u00e3o\u00a0Ib\u00e9rica, Galeria Z\u00e9 dos Bois<br>Apoio:\u00a0Arquivo Municipal de Montemor-o-Novo, FX RoadLights, O Espa\u00e7o do Tempo<br>Apoio Cient\u00edfico:\u00a0Instituto de\u00a0Hist\u00f3ria Contempor\u00e2nea da Universidade Nova de Lisboa (IHC\/NOVA),\u00a0projecto &#8220;Mem\u00f3ria e Revolu\u00e7\u00e3o&#8221;, coordena\u00e7\u00e3o de Lu\u00eds Trindade<\/p>\n\n\n\n<p>O Teatro do Vestido tem o apoio de Rep\u00fablica Portuguesa \u2013 Cultura, Juventude e&nbsp;Desporto \/ Dire\u00e7\u00e3o-Geral das Artes.<\/p>\n\n\n\n<p><\/p>\n","protected":false},"excerpt":{"rendered":"<p>TORRENTECINETEATRO LOULETANO19 e 20 de Mar\u00e7o21:00 Tanta gente, donde vinha? Eduarda Dion\u00edsio N\u00e3o temos a certeza de tudo j\u00e1 ter sido dito e escrito sobre o processo revolucion\u00e1rio de 1974-75 em Portugal. Momento \u00edmpar na hist\u00f3ria mundial, esta torrente de &hellip; <a href=\"http:\/\/teatrodovestido.org\/blog\/?p=10856\">Continue reading <span class=\"meta-nav\">&rarr;<\/span><\/a><\/p>\n","protected":false},"author":1,"featured_media":0,"comment_status":"closed","ping_status":"closed","sticky":false,"template":"","format":"standard","meta":{"footnotes":""},"categories":[1],"tags":[],"class_list":["post-10856","post","type-post","status-publish","format-standard","hentry","category-tdv"],"_links":{"self":[{"href":"http:\/\/teatrodovestido.org\/blog\/index.php?rest_route=\/wp\/v2\/posts\/10856"}],"collection":[{"href":"http:\/\/teatrodovestido.org\/blog\/index.php?rest_route=\/wp\/v2\/posts"}],"about":[{"href":"http:\/\/teatrodovestido.org\/blog\/index.php?rest_route=\/wp\/v2\/types\/post"}],"author":[{"embeddable":true,"href":"http:\/\/teatrodovestido.org\/blog\/index.php?rest_route=\/wp\/v2\/users\/1"}],"replies":[{"embeddable":true,"href":"http:\/\/teatrodovestido.org\/blog\/index.php?rest_route=%2Fwp%2Fv2%2Fcomments&post=10856"}],"version-history":[{"count":1,"href":"http:\/\/teatrodovestido.org\/blog\/index.php?rest_route=\/wp\/v2\/posts\/10856\/revisions"}],"predecessor-version":[{"id":10858,"href":"http:\/\/teatrodovestido.org\/blog\/index.php?rest_route=\/wp\/v2\/posts\/10856\/revisions\/10858"}],"wp:attachment":[{"href":"http:\/\/teatrodovestido.org\/blog\/index.php?rest_route=%2Fwp%2Fv2%2Fmedia&parent=10856"}],"wp:term":[{"taxonomy":"category","embeddable":true,"href":"http:\/\/teatrodovestido.org\/blog\/index.php?rest_route=%2Fwp%2Fv2%2Fcategories&post=10856"},{"taxonomy":"post_tag","embeddable":true,"href":"http:\/\/teatrodovestido.org\/blog\/index.php?rest_route=%2Fwp%2Fv2%2Ftags&post=10856"}],"curies":[{"name":"wp","href":"https:\/\/api.w.org\/{rel}","templated":true}]}}