{"id":10847,"date":"2025-09-23T11:10:57","date_gmt":"2025-09-23T10:10:57","guid":{"rendered":"https:\/\/teatrodovestido.org\/blog\/?p=10847"},"modified":"2025-09-23T11:12:46","modified_gmt":"2025-09-23T10:12:46","slug":"que-bem-posso-escusar-trazer-escrito-em-papel-o-que-na-alma-andar-devia","status":"publish","type":"post","link":"http:\/\/teatrodovestido.org\/blog\/?p=10847","title":{"rendered":"QUE BEM POSSO ESCUSAR TRAZER ESCRITO EM PAPEL O QUE NA ALMA ANDAR DEVIA"},"content":{"rendered":"\n<figure class=\"wp-block-image size-large\"><a href=\"https:\/\/teatrodovestido.org\/blog\/wp-content\/uploads\/2025\/09\/Encontros-Para-o-Futuro-Joana-Craveiro-Banner-A.jpg\"><img loading=\"lazy\" decoding=\"async\" width=\"1024\" height=\"379\" src=\"https:\/\/teatrodovestido.org\/blog\/wp-content\/uploads\/2025\/09\/Encontros-Para-o-Futuro-Joana-Craveiro-Banner-A-1024x379.jpg\" alt=\"\" class=\"wp-image-10848\" srcset=\"http:\/\/teatrodovestido.org\/blog\/wp-content\/uploads\/2025\/09\/Encontros-Para-o-Futuro-Joana-Craveiro-Banner-A-1024x379.jpg 1024w, http:\/\/teatrodovestido.org\/blog\/wp-content\/uploads\/2025\/09\/Encontros-Para-o-Futuro-Joana-Craveiro-Banner-A-300x111.jpg 300w, http:\/\/teatrodovestido.org\/blog\/wp-content\/uploads\/2025\/09\/Encontros-Para-o-Futuro-Joana-Craveiro-Banner-A-768x284.jpg 768w, http:\/\/teatrodovestido.org\/blog\/wp-content\/uploads\/2025\/09\/Encontros-Para-o-Futuro-Joana-Craveiro-Banner-A-1536x569.jpg 1536w, http:\/\/teatrodovestido.org\/blog\/wp-content\/uploads\/2025\/09\/Encontros-Para-o-Futuro-Joana-Craveiro-Banner-A-500x185.jpg 500w, http:\/\/teatrodovestido.org\/blog\/wp-content\/uploads\/2025\/09\/Encontros-Para-o-Futuro-Joana-Craveiro-Banner-A.jpg 1875w\" sizes=\"(max-width: 1024px) 100vw, 1024px\" \/><\/a><\/figure>\n\n\n\n<p><a href=\"https:\/\/shorturl.at\/Py4Kk\" target=\"_blank\" rel=\"noreferrer noopener\">[Formul\u00e1rio de Reservas]<\/a> <br>3 e 10 OUT \u2014 19H <br>4 e 11 OUT \u2014 17H<\/p>\n\n\n\n<p>Entre facto e expectativa, na 7\u00aa edi\u00e7\u00e3o do ENCONTROS PARA O FUTURO e por ocasi\u00e3o do 500\u00ba anivers\u00e1rio de Lu\u00eds de Cam\u00f5es, embarcamos numa palestra performativa que envolver\u00e1 int\u00e9rpretes da rota geogr\u00e1fica deste familiar argonauta.<\/p>\n\n\n\n<p>A obra de Lu\u00eds de Cam\u00f5es ir\u00e1 ser relida numa perspetiva do s\u00e9culo XXI. Os feitos por ele descritos, os adjetivos escolhidos para descrever o encontro (confronto?) de culturas, as vis\u00f5es de imp\u00e9rios, a pol\u00edtica e a ideologia que se esconde ou se revela na sua l\u00edrica camoniana, constituem a mat\u00e9ria que tecer\u00e1 um trabalho criativo de revisita\u00e7\u00e3o e desconstru\u00e7\u00e3o do passado.<\/p>\n\n\n\n<p>(c) Estelle Valente | EVC 2025<\/p>\n\n\n\n<p>Edi\u00e7\u00e3o do programa no \u00e2mbito das Comemora\u00e7\u00f5es do 500\u00ba anivers\u00e1rio de Lu\u00eds de Cam\u00f5es.<\/p>\n\n\n\n<p><strong>Texto, direc\u00e7\u00e3o, interpreta\u00e7\u00e3o<\/strong>: Joana Craveiro <strong>Co-cria\u00e7\u00e3o e interpreta\u00e7\u00e3o:<\/strong> Aiswarya Prathap, Est\u00eav\u00e3o Antunes, Francisco Madureira, Janice Iandritsky, Leen Elmobadder, Murilo Oliveira, T\u00e2nia Guerreiro <strong>Participa\u00e7\u00e3o especial:<\/strong> Jos\u00e9 Jalane <strong>Assist\u00eancia \u00e0 direc\u00e7\u00e3o art\u00edstica:<\/strong> Teresa Cunha <strong>M\u00fasica e ambiente sonoro:<\/strong> Francisco Madureira <strong>Figurinos:<\/strong> T\u00e2nia Guerreiro <strong>Comunica\u00e7\u00e3o e assist\u00eancia de produ\u00e7\u00e3o:<\/strong> Maria In\u00eas Augusto <strong>Direc\u00e7\u00e3o de produ\u00e7\u00e3o:<\/strong> Ala\u00edde Costa <strong>Co-produ\u00e7\u00e3o:<\/strong> Opart | Est\u00fadios Victor C\u00f3rdon e Teatro do Vestido<br><br>O Teatro do Vestido \u00e9 apoiado por Rep\u00fablica Portuguesa \u2013 Cultura, Juventude e Desporto | DGARTES.<\/p>\n\n\n\n<p><\/p>\n","protected":false},"excerpt":{"rendered":"<p>[Formul\u00e1rio de Reservas] 3 e 10 OUT \u2014 19H 4 e 11 OUT \u2014 17H Entre facto e expectativa, na 7\u00aa edi\u00e7\u00e3o do ENCONTROS PARA O FUTURO e por ocasi\u00e3o do 500\u00ba anivers\u00e1rio de Lu\u00eds de Cam\u00f5es, embarcamos numa palestra &hellip; <a href=\"http:\/\/teatrodovestido.org\/blog\/?p=10847\">Continue reading <span class=\"meta-nav\">&rarr;<\/span><\/a><\/p>\n","protected":false},"author":1,"featured_media":0,"comment_status":"closed","ping_status":"closed","sticky":false,"template":"","format":"standard","meta":{"footnotes":""},"categories":[1],"tags":[],"class_list":["post-10847","post","type-post","status-publish","format-standard","hentry","category-tdv"],"_links":{"self":[{"href":"http:\/\/teatrodovestido.org\/blog\/index.php?rest_route=\/wp\/v2\/posts\/10847"}],"collection":[{"href":"http:\/\/teatrodovestido.org\/blog\/index.php?rest_route=\/wp\/v2\/posts"}],"about":[{"href":"http:\/\/teatrodovestido.org\/blog\/index.php?rest_route=\/wp\/v2\/types\/post"}],"author":[{"embeddable":true,"href":"http:\/\/teatrodovestido.org\/blog\/index.php?rest_route=\/wp\/v2\/users\/1"}],"replies":[{"embeddable":true,"href":"http:\/\/teatrodovestido.org\/blog\/index.php?rest_route=%2Fwp%2Fv2%2Fcomments&post=10847"}],"version-history":[{"count":1,"href":"http:\/\/teatrodovestido.org\/blog\/index.php?rest_route=\/wp\/v2\/posts\/10847\/revisions"}],"predecessor-version":[{"id":10849,"href":"http:\/\/teatrodovestido.org\/blog\/index.php?rest_route=\/wp\/v2\/posts\/10847\/revisions\/10849"}],"wp:attachment":[{"href":"http:\/\/teatrodovestido.org\/blog\/index.php?rest_route=%2Fwp%2Fv2%2Fmedia&parent=10847"}],"wp:term":[{"taxonomy":"category","embeddable":true,"href":"http:\/\/teatrodovestido.org\/blog\/index.php?rest_route=%2Fwp%2Fv2%2Fcategories&post=10847"},{"taxonomy":"post_tag","embeddable":true,"href":"http:\/\/teatrodovestido.org\/blog\/index.php?rest_route=%2Fwp%2Fv2%2Ftags&post=10847"}],"curies":[{"name":"wp","href":"https:\/\/api.w.org\/{rel}","templated":true}]}}