{"id":10836,"date":"2025-05-28T11:39:38","date_gmt":"2025-05-28T10:39:38","guid":{"rendered":"https:\/\/teatrodovestido.org\/blog\/?p=10836"},"modified":"2025-05-28T11:39:38","modified_gmt":"2025-05-28T10:39:38","slug":"intimidades-com-a-terra-2","status":"publish","type":"post","link":"http:\/\/teatrodovestido.org\/blog\/?p=10836","title":{"rendered":"Intimidades com a Terra"},"content":{"rendered":"\n<figure class=\"wp-block-image size-large\"><a href=\"https:\/\/teatrodovestido.org\/blog\/wp-content\/uploads\/2025\/05\/Convite_Intimidades-com-a-Terra-3.png\"><img loading=\"lazy\" decoding=\"async\" width=\"1024\" height=\"622\" src=\"https:\/\/teatrodovestido.org\/blog\/wp-content\/uploads\/2025\/05\/Convite_Intimidades-com-a-Terra-3-1024x622.png\" alt=\"\" class=\"wp-image-10837\" srcset=\"http:\/\/teatrodovestido.org\/blog\/wp-content\/uploads\/2025\/05\/Convite_Intimidades-com-a-Terra-3-1024x622.png 1024w, http:\/\/teatrodovestido.org\/blog\/wp-content\/uploads\/2025\/05\/Convite_Intimidades-com-a-Terra-3-300x182.png 300w, http:\/\/teatrodovestido.org\/blog\/wp-content\/uploads\/2025\/05\/Convite_Intimidades-com-a-Terra-3-768x466.png 768w, http:\/\/teatrodovestido.org\/blog\/wp-content\/uploads\/2025\/05\/Convite_Intimidades-com-a-Terra-3-1536x932.png 1536w, http:\/\/teatrodovestido.org\/blog\/wp-content\/uploads\/2025\/05\/Convite_Intimidades-com-a-Terra-3-500x304.png 500w, http:\/\/teatrodovestido.org\/blog\/wp-content\/uploads\/2025\/05\/Convite_Intimidades-com-a-Terra-3.png 2000w\" sizes=\"(max-width: 1024px) 100vw, 1024px\" \/><\/a><\/figure>\n\n\n\n<p class=\"has-text-align-left\"><br><strong>7 de Junho | Convento de S\u00e3o Miguel das Gaeiras, \u00d3bidos &#8211; Portugal | Festival de Teatro de \u00d3bidos<br>23 e 24 de Junho | Th\u00e9\u00e2tre de la Ville, Paris, &#8211; Fran\u00e7a | Chantiers D&#8217;Europe 2025<\/strong><\/p>\n\n\n\n<p class=\"has-text-align-right\"><em>\u00e9 sobre a terra<br>\u00e9 sobre as esp\u00e9cies nela<br>\u00e9 sobre como a antropologia come\u00e7ou e sobre aquilo em que se tornou<br>\u00e9 sobre um encontro com o Chefe Mann e a M\u00e3e do Cl\u00e3 Miekie<br>\u00e9 sobre a ideia de di\u00e1rios de campo\u00a0<br><br>\u00e9 sobre rela\u00e7\u00f5es.<\/em><\/p>\n\n\n\n<p><strong>INTIMIDADES COM A TERRA<\/strong>\u00a0\u00e9 um projecto performativo que resulta do cruzamento cient\u00edfico, art\u00edstico e po\u00e9tico de diversas disciplinas e interesses navegados ao longo dos anos por Joana Craveiro e pela pr\u00e1tica art\u00edstica do Teatro do Vestido. Antropologia, Teatro, Performance, Arquivos, Biologia, Jardinagem, Hist\u00f3ria, Repara\u00e7\u00e3o, Esquecimento, Antepassados juntam-se neste conjunto de hist\u00f3rias em torno do que nos rodeia e de como nomear todos e cada um.<\/p>\n\n\n\n<p>Estreado no Museu Nacional de Hist\u00f3ria Natural e da Ci\u00eancia (MUHNAC) em 2023, e ap\u00f3s uma longa resid\u00eancia de investiga\u00e7\u00e3o nos EUA (em 2022), este projecto conhece agora um novo ressurgimento e digress\u00e3o, contrariando a press\u00e3o de novas cria\u00e7\u00f5es a todo o momento, quando as outras cria\u00e7\u00f5es &#8211; do ano passado ou anterior &#8211; ainda nem cresceram, nem circularam pelo pa\u00eds e fora dele.<\/p>\n\n\n\n<!--more-->\n\n\n\n<p>Cria\u00e7\u00e3o, gui\u00e3o e interpreta\u00e7\u00e3o: Joana Craveiro<br>Composi\u00e7\u00e3o musical e interpreta\u00e7\u00e3o: Francisco Madureira<br>Gui\u00e3o e interpreta\u00e7\u00e3o do pr\u00f3logo: Est\u00eav\u00e3o Antunes, T\u00e2nia Guerreiro<br>Cenografia: Carla Mart\u00ednez<br>Figurinos: T\u00e2nia Guerreiro<br>Ilumina\u00e7\u00e3o e direc\u00e7\u00e3o t\u00e9cnica: Leoc\u00e1dia Silva<br>Dire\u00e7\u00e3o de produ\u00e7\u00e3o: Ala\u00edde Costa<br>Assistente de produ\u00e7\u00e3o e comunica\u00e7\u00e3o: Maria In\u00eas Augusto<\/p>\n\n\n\n<p>Produ\u00e7\u00e3o Teatro do Vestido<br>Coprodu\u00e7\u00e3o Munic\u00edpio de \u00d3bidos, Teatro Municipal de Vila Real, Teatro Viriato<br>Apoio t\u00e9cnico da FX RoadLights<\/p>\n\n\n\n<p><\/p>\n","protected":false},"excerpt":{"rendered":"<p>7 de Junho | Convento de S\u00e3o Miguel das Gaeiras, \u00d3bidos &#8211; Portugal | Festival de Teatro de \u00d3bidos23 e 24 de Junho | Th\u00e9\u00e2tre de la Ville, Paris, &#8211; Fran\u00e7a | Chantiers D&#8217;Europe 2025 \u00e9 sobre a terra\u00e9 sobre &hellip; <a href=\"http:\/\/teatrodovestido.org\/blog\/?p=10836\">Continue reading <span class=\"meta-nav\">&rarr;<\/span><\/a><\/p>\n","protected":false},"author":1,"featured_media":0,"comment_status":"closed","ping_status":"closed","sticky":false,"template":"","format":"standard","meta":{"footnotes":""},"categories":[1],"tags":[],"class_list":["post-10836","post","type-post","status-publish","format-standard","hentry","category-tdv"],"_links":{"self":[{"href":"http:\/\/teatrodovestido.org\/blog\/index.php?rest_route=\/wp\/v2\/posts\/10836"}],"collection":[{"href":"http:\/\/teatrodovestido.org\/blog\/index.php?rest_route=\/wp\/v2\/posts"}],"about":[{"href":"http:\/\/teatrodovestido.org\/blog\/index.php?rest_route=\/wp\/v2\/types\/post"}],"author":[{"embeddable":true,"href":"http:\/\/teatrodovestido.org\/blog\/index.php?rest_route=\/wp\/v2\/users\/1"}],"replies":[{"embeddable":true,"href":"http:\/\/teatrodovestido.org\/blog\/index.php?rest_route=%2Fwp%2Fv2%2Fcomments&post=10836"}],"version-history":[{"count":1,"href":"http:\/\/teatrodovestido.org\/blog\/index.php?rest_route=\/wp\/v2\/posts\/10836\/revisions"}],"predecessor-version":[{"id":10838,"href":"http:\/\/teatrodovestido.org\/blog\/index.php?rest_route=\/wp\/v2\/posts\/10836\/revisions\/10838"}],"wp:attachment":[{"href":"http:\/\/teatrodovestido.org\/blog\/index.php?rest_route=%2Fwp%2Fv2%2Fmedia&parent=10836"}],"wp:term":[{"taxonomy":"category","embeddable":true,"href":"http:\/\/teatrodovestido.org\/blog\/index.php?rest_route=%2Fwp%2Fv2%2Fcategories&post=10836"},{"taxonomy":"post_tag","embeddable":true,"href":"http:\/\/teatrodovestido.org\/blog\/index.php?rest_route=%2Fwp%2Fv2%2Ftags&post=10836"}],"curies":[{"name":"wp","href":"https:\/\/api.w.org\/{rel}","templated":true}]}}