{"id":10834,"date":"2024-09-17T16:34:09","date_gmt":"2024-09-17T15:34:09","guid":{"rendered":"https:\/\/teatrodovestido.org\/blog\/?p=10834"},"modified":"2025-05-02T16:34:42","modified_gmt":"2025-05-02T15:34:42","slug":"um-arquivo-vivo-quinta-alegre-2","status":"publish","type":"post","link":"http:\/\/teatrodovestido.org\/blog\/?p=10834","title":{"rendered":"Um Arquivo Vivo | Quinta Alegre"},"content":{"rendered":"\n<figure class=\"wp-block-image size-large is-resized\"><a href=\"https:\/\/teatrodovestido.org\/blog\/wp-content\/uploads\/2025\/05\/AV_Quinta_Alegre.jpg\"><img loading=\"lazy\" decoding=\"async\" width=\"1024\" height=\"683\" src=\"https:\/\/teatrodovestido.org\/blog\/wp-content\/uploads\/2025\/05\/AV_Quinta_Alegre-1024x683.jpg\" alt=\"\" class=\"wp-image-10835\" style=\"width:441px;height:auto\" srcset=\"http:\/\/teatrodovestido.org\/blog\/wp-content\/uploads\/2025\/05\/AV_Quinta_Alegre-1024x683.jpg 1024w, http:\/\/teatrodovestido.org\/blog\/wp-content\/uploads\/2025\/05\/AV_Quinta_Alegre-300x200.jpg 300w, http:\/\/teatrodovestido.org\/blog\/wp-content\/uploads\/2025\/05\/AV_Quinta_Alegre-768x512.jpg 768w, http:\/\/teatrodovestido.org\/blog\/wp-content\/uploads\/2025\/05\/AV_Quinta_Alegre-1536x1025.jpg 1536w, http:\/\/teatrodovestido.org\/blog\/wp-content\/uploads\/2025\/05\/AV_Quinta_Alegre-500x333.jpg 500w, http:\/\/teatrodovestido.org\/blog\/wp-content\/uploads\/2025\/05\/AV_Quinta_Alegre.jpg 2048w\" sizes=\"(max-width: 1024px) 100vw, 1024px\" \/><\/a><\/figure>\n\n\n\n<p><strong>18 a 20 de setembro, quarta e quinta, \u00e0s 19h<br>21 e 22 de setembro, s\u00e1bado e domingo, \u00e0s 15h e \u00e0s 19h<\/strong><br><br>Uma cria\u00e7\u00e3o do Teatro do Vestido<br><br>Uma visita guiada aos acervos da mem\u00f3ria da ditadura e da revolu\u00e7\u00e3o.<br><br>Come\u00e7ou por um conjunto de entrevistas, que se tornaram longas hist\u00f3rias de vida, que se materializaram em objetos que as pessoas que escut\u00e1mos nos ofereceram ou emprestaram ou mostraram \u2013 objetos que s\u00e3o partes de hist\u00f3rias e mem\u00f3rias.<br>Um arquivo vivo \u00e9 uma viagem performativa pelo acervo documental do Teatro do Vestido, percorrendo mem\u00f3rias do Estado Novo, 25 de Abril de 1974 e Processo Revolucion\u00e1rio de 1974-75.<br><br>Ocupando espa\u00e7os da Quinta Alegre, esta visita viva a um arquivo vivo \u2013 porque a mem\u00f3ria est\u00e1 em permanente constru\u00e7\u00e3o \u2013 conta tamb\u00e9m a hist\u00f3ria de como se faz uma pe\u00e7a de teatro documental.<br><br>No \u00e2mbito das celebra\u00e7\u00f5es dos 50 anos do 25 de abril<br><br>Cria\u00e7\u00e3o, direc\u00e7\u00e3o, texto e interpreta\u00e7\u00e3o\u00a0<strong>Joana Craveiro<\/strong><br>Co-cria\u00e7\u00e3o e interpreta\u00e7\u00e3o\u00a0<strong>Est\u00eav\u00e3o Antunes, Francisco<\/strong><br><strong>Madureira, Isabel Gaiv\u00e3o, T\u00e2nia Guerreiro, Toz\u00e9 Cunha<\/strong><br>Participa\u00e7\u00e3o especial\u00a0<strong>Carlos Fernandes, Carlos Nery<\/strong><br>M\u00fasica e espa\u00e7o sonoro\u00a0<strong>Francisco Madureira<\/strong><br>Figurinos\u00a0<strong>T\u00e2nia Guerreiro<\/strong><br>Espa\u00e7o c\u00e9nico Teatro do Vestido<br>Ilumina\u00e7\u00e3o\u00a0<strong>Leoc\u00e1dia Silva<\/strong><br>Assist\u00eancia\u00a0<strong>Diana Ramalho, Mira Bulh\u00f5es<\/strong><br>Direc\u00e7\u00e3o de Produ\u00e7\u00e3o\u00a0<strong>Ala\u00edde Costa<\/strong><br><br><img loading=\"lazy\" decoding=\"async\" height=\"16\" width=\"16\" src=\"https:\/\/static.xx.fbcdn.net\/images\/emoji.php\/v9\/t5d\/1\/16\/1f4f7.png\" alt=\"?\">\u00a0Jo\u00e3o Paulo Serafim\u00a0<\/p>\n","protected":false},"excerpt":{"rendered":"<p>18 a 20 de setembro, quarta e quinta, \u00e0s 19h21 e 22 de setembro, s\u00e1bado e domingo, \u00e0s 15h e \u00e0s 19h Uma cria\u00e7\u00e3o do Teatro do Vestido Uma visita guiada aos acervos da mem\u00f3ria da ditadura e da revolu\u00e7\u00e3o. &hellip; <a href=\"http:\/\/teatrodovestido.org\/blog\/?p=10834\">Continue reading <span class=\"meta-nav\">&rarr;<\/span><\/a><\/p>\n","protected":false},"author":1,"featured_media":0,"comment_status":"closed","ping_status":"closed","sticky":false,"template":"","format":"standard","meta":{"footnotes":""},"categories":[1],"tags":[],"class_list":["post-10834","post","type-post","status-publish","format-standard","hentry","category-tdv"],"_links":{"self":[{"href":"http:\/\/teatrodovestido.org\/blog\/index.php?rest_route=\/wp\/v2\/posts\/10834"}],"collection":[{"href":"http:\/\/teatrodovestido.org\/blog\/index.php?rest_route=\/wp\/v2\/posts"}],"about":[{"href":"http:\/\/teatrodovestido.org\/blog\/index.php?rest_route=\/wp\/v2\/types\/post"}],"author":[{"embeddable":true,"href":"http:\/\/teatrodovestido.org\/blog\/index.php?rest_route=\/wp\/v2\/users\/1"}],"replies":[{"embeddable":true,"href":"http:\/\/teatrodovestido.org\/blog\/index.php?rest_route=%2Fwp%2Fv2%2Fcomments&post=10834"}],"version-history":[{"count":0,"href":"http:\/\/teatrodovestido.org\/blog\/index.php?rest_route=\/wp\/v2\/posts\/10834\/revisions"}],"wp:attachment":[{"href":"http:\/\/teatrodovestido.org\/blog\/index.php?rest_route=%2Fwp%2Fv2%2Fmedia&parent=10834"}],"wp:term":[{"taxonomy":"category","embeddable":true,"href":"http:\/\/teatrodovestido.org\/blog\/index.php?rest_route=%2Fwp%2Fv2%2Fcategories&post=10834"},{"taxonomy":"post_tag","embeddable":true,"href":"http:\/\/teatrodovestido.org\/blog\/index.php?rest_route=%2Fwp%2Fv2%2Ftags&post=10834"}],"curies":[{"name":"wp","href":"https:\/\/api.w.org\/{rel}","templated":true}]}}