{"id":10812,"date":"2025-03-25T17:55:14","date_gmt":"2025-03-25T17:55:14","guid":{"rendered":"https:\/\/teatrodovestido.org\/blog\/?p=10812"},"modified":"2025-03-25T17:57:47","modified_gmt":"2025-03-25T17:57:47","slug":"historiadores-ccb","status":"publish","type":"post","link":"http:\/\/teatrodovestido.org\/blog\/?p=10812","title":{"rendered":"Historiadores CCB"},"content":{"rendered":"\n<figure class=\"wp-block-image size-large\"><a href=\"https:\/\/teatrodovestido.org\/blog\/wp-content\/uploads\/2025\/03\/Screenshot-2025-03-25-17.48.11.png\"><img loading=\"lazy\" decoding=\"async\" width=\"1024\" height=\"702\" src=\"https:\/\/teatrodovestido.org\/blog\/wp-content\/uploads\/2025\/03\/Screenshot-2025-03-25-17.48.11-1024x702.png\" alt=\"\" class=\"wp-image-10813\" srcset=\"http:\/\/teatrodovestido.org\/blog\/wp-content\/uploads\/2025\/03\/Screenshot-2025-03-25-17.48.11-1024x702.png 1024w, http:\/\/teatrodovestido.org\/blog\/wp-content\/uploads\/2025\/03\/Screenshot-2025-03-25-17.48.11-300x206.png 300w, http:\/\/teatrodovestido.org\/blog\/wp-content\/uploads\/2025\/03\/Screenshot-2025-03-25-17.48.11-768x526.png 768w, http:\/\/teatrodovestido.org\/blog\/wp-content\/uploads\/2025\/03\/Screenshot-2025-03-25-17.48.11-500x343.png 500w, http:\/\/teatrodovestido.org\/blog\/wp-content\/uploads\/2025\/03\/Screenshot-2025-03-25-17.48.11.png 1246w\" sizes=\"(max-width: 1024px) 100vw, 1024px\" \/><\/a><figcaption class=\"wp-element-caption\">Historiadores a entrar na Biblioteca \u00a9 Jos\u00e9 Torrado<\/figcaption><\/figure>\n\n\n\n<p class=\"has-text-align-right\"><em>primeiro percebemos que os resultados da disciplina de Hist\u00f3ria no secund\u00e1rio<br><\/em><em>estavam a piorar.<br><\/em><em>depois quisemos perceber porqu\u00ea.<br><\/em><em>depois pergunt\u00e1mo-nos porque \u00e9 que um historiador se torna historiador.<br><\/em><em>e assim nasceu este espect\u00e1culo.<\/em><\/p>\n\n\n\n<p>No final no s\u00e9culo XX, o historiador Eric Hobsbawm escrevia sobre \u00abos jovens homens e mulheres [que cresciam] numa esp\u00e9cie de presente permanente, sem rela\u00e7\u00e3o com o passado (\u2026)\u00bb\u00b9. \u00c0 medida que o s\u00e9culo XXI avan\u00e7a, inquietantes not\u00edcias d\u00e3o conta de resultados cada vez piores na disciplina de Hist\u00f3ria num pa\u00eds como Portugal, onde a disciplina de Hist\u00f3ria nos poderia oferecer importantes li\u00e7\u00f5es para o hoje, para o aqui. O interesse pelo passado perdeu-se, talvez porque n\u00e3o seja clara a sua rela\u00e7\u00e3o com o presente.<\/p>\n\n\n\n<p>Entretanto, a Hist\u00f3ria tende a repetir-se, acordando fantasmas do passado. Mas nem assim os mais velhos a conseguem explicar aos mais jovens. \u00abN\u00e3o estavas l\u00e1\u00bb, \u00abN\u00e3o viveste\u00bb, \u00abN\u00e3o consegues imaginar\u00bb, \u00abN\u00e3o sabes\u00bb, \u00abN\u00e3o percebes\u00bb \u2014 com estas frases se arruma de vez a curiosidade dos mais jovens e a esperan\u00e7a de que venham a interessar-se por esse tal&nbsp;<em>passado<\/em>. Este espect\u00e1culo do Teatro do Vestido \u00e9 tamb\u00e9m sobre isso: sobre o desinteresse, as lacunas, as omiss\u00f5es, sobre investiga\u00e7\u00f5es, sobre repreens\u00f5es, sobre, enfim, o gosto ou o desgosto da disciplina de Hist\u00f3ria e daqueles que a escrevem e a ensinam.<\/p>\n\n\n\n<p>Quem s\u00e3o estas mulheres e estes homens que decidiram dedicar-se \u00e0 escrita da hist\u00f3ria para que o futuro possa recordar e aprender com um passado que n\u00e3o viveu directamente? Que ambiente se vive numa aula de Hist\u00f3ria do ensino secund\u00e1rio em Portugal? Quantos bra\u00e7os se levantam quando a professora faz uma pergunta? E que Hist\u00f3ria \u00e9 essa que se conta nos manuais? Um programa de hist\u00f3ria \u00e9 um retrato pol\u00edtico do presente de um pa\u00eds e daquilo que se quer inscrever para o futuro.<br>Num mundo em que o passado \u00e9 um pa\u00eds estrangeiro\u00b2 e o futuro fica ainda demasiado longe, Historiadores navega da forma \u00fanica (pol\u00edtica, po\u00e9tica e documental) do Teatro do Vestido um mar de inquieta\u00e7\u00f5es, perguntas e pistas para o que a\u00ed vem.<\/p>\n\n\n\n<p>\u00b9&nbsp;Eric Hobsbawm,&nbsp;<em>The Age of Extremes<\/em>, Nova Iorque, Vintage Books, 1996.<\/p>\n\n\n\n<p>\u00b2 frase de L. P. Hartley em&nbsp;<em>The Go Between<\/em>, 1953. \u201cThe past is a foreign country; they do things differently there.\u201d<\/p>\n\n\n\n<p>CCB | Black Box<br><strong>Quarta a Sexta, 13, 14 e 15 Novembro de 2024<\/strong> 10:30 Escolas<br><strong>S\u00e1bado, 16 Novembro de 2024<\/strong> 19:00<br><strong>Domingo,17 Novembro de 2024<\/strong> 17:00<\/p>\n\n\n\n<p>Texto e Dire\u00e7\u00e3o\u00a0<strong>Joana Craveiro<\/strong> Cocria\u00e7\u00e3o e interpreta\u00e7\u00e3o\u00a0<strong>Est\u00eav\u00e3o Antunes, T\u00e2nia Guerreiro, Toz\u00e9 Cunha e Diana Ramalho, Jamila Oliveira, Mira Bulh\u00f5es Apoio Cient\u00edfico: Alice Samara Espa\u00e7o Sonoro: Francisco Madureira<\/strong> Cenografia\u00a0<strong>Carla Mart\u00ednez<\/strong> Assistente de Cenografia\u00a0<strong>Diana Ramalho<\/strong> Figurinos\u00a0<strong>T\u00e2nia Guerreiro<\/strong> Ilumina\u00e7\u00e3o\u00a0<strong>Jo\u00e3o Cachulo<\/strong> Conte\u00fados v\u00eddeo e opera\u00e7\u00e3o de V\u00eddeo\u00a0<strong>Jos\u00e9 Torrado Assistente de encena\u00e7\u00e3o: Mira Bulh\u00f5es Dire\u00e7\u00e3o de Produ\u00e7\u00e3o: Ala\u00edde Costa<\/strong> Assistente de produ\u00e7\u00e3o: <strong>Maria In\u00eas Augusto<\/strong> Coprodu\u00e7\u00e3o\u00a0<strong>CCB \u2013 F\u00e1brica das Artes, Teatro Miguel Franco, Teatro do Vestido<\/strong><\/p>\n\n\n\n<p><\/p>\n","protected":false},"excerpt":{"rendered":"<p>primeiro percebemos que os resultados da disciplina de Hist\u00f3ria no secund\u00e1rioestavam a piorar.depois quisemos perceber porqu\u00ea.depois pergunt\u00e1mo-nos porque \u00e9 que um historiador se torna historiador.e assim nasceu este espect\u00e1culo. No final no s\u00e9culo XX, o historiador Eric Hobsbawm escrevia sobre &hellip; <a href=\"http:\/\/teatrodovestido.org\/blog\/?p=10812\">Continue reading <span class=\"meta-nav\">&rarr;<\/span><\/a><\/p>\n","protected":false},"author":1,"featured_media":0,"comment_status":"closed","ping_status":"closed","sticky":false,"template":"","format":"standard","meta":{"footnotes":""},"categories":[1],"tags":[],"class_list":["post-10812","post","type-post","status-publish","format-standard","hentry","category-tdv"],"_links":{"self":[{"href":"http:\/\/teatrodovestido.org\/blog\/index.php?rest_route=\/wp\/v2\/posts\/10812"}],"collection":[{"href":"http:\/\/teatrodovestido.org\/blog\/index.php?rest_route=\/wp\/v2\/posts"}],"about":[{"href":"http:\/\/teatrodovestido.org\/blog\/index.php?rest_route=\/wp\/v2\/types\/post"}],"author":[{"embeddable":true,"href":"http:\/\/teatrodovestido.org\/blog\/index.php?rest_route=\/wp\/v2\/users\/1"}],"replies":[{"embeddable":true,"href":"http:\/\/teatrodovestido.org\/blog\/index.php?rest_route=%2Fwp%2Fv2%2Fcomments&post=10812"}],"version-history":[{"count":1,"href":"http:\/\/teatrodovestido.org\/blog\/index.php?rest_route=\/wp\/v2\/posts\/10812\/revisions"}],"predecessor-version":[{"id":10814,"href":"http:\/\/teatrodovestido.org\/blog\/index.php?rest_route=\/wp\/v2\/posts\/10812\/revisions\/10814"}],"wp:attachment":[{"href":"http:\/\/teatrodovestido.org\/blog\/index.php?rest_route=%2Fwp%2Fv2%2Fmedia&parent=10812"}],"wp:term":[{"taxonomy":"category","embeddable":true,"href":"http:\/\/teatrodovestido.org\/blog\/index.php?rest_route=%2Fwp%2Fv2%2Fcategories&post=10812"},{"taxonomy":"post_tag","embeddable":true,"href":"http:\/\/teatrodovestido.org\/blog\/index.php?rest_route=%2Fwp%2Fv2%2Ftags&post=10812"}],"curies":[{"name":"wp","href":"https:\/\/api.w.org\/{rel}","templated":true}]}}