{"id":10744,"date":"2024-06-27T16:00:33","date_gmt":"2024-06-27T15:00:33","guid":{"rendered":"https:\/\/teatrodovestido.org\/blog\/?p=10744"},"modified":"2024-06-27T16:47:25","modified_gmt":"2024-06-27T15:47:25","slug":"conversar-com-a-terra-escola-de-verao-do-teatro-do-vestido-2024-2a-edicao","status":"publish","type":"post","link":"http:\/\/teatrodovestido.org\/blog\/?p=10744","title":{"rendered":"CONVERSAR COM A TERRA | ESCOLA DE VER\u00c3O DO TEATRO DO VESTIDO 2024 | 2\u00aa EDI\u00c7\u00c3O"},"content":{"rendered":"\n<p class=\"has-text-align-right\"> Montemor-o-Novo, Portugal<\/p>\n\n\n\n<figure class=\"wp-block-image size-large\"><a href=\"http:\/\/teatrodovestido.org\/blog\/wp-content\/uploads\/2024\/06\/Escola-de-Verao.png\"><img loading=\"lazy\" decoding=\"async\" width=\"1024\" height=\"1024\" src=\"http:\/\/teatrodovestido.org\/blog\/wp-content\/uploads\/2024\/06\/Escola-de-Verao-1024x1024.png\" alt=\"\" class=\"wp-image-10754\" srcset=\"http:\/\/teatrodovestido.org\/blog\/wp-content\/uploads\/2024\/06\/Escola-de-Verao-1024x1024.png 1024w, http:\/\/teatrodovestido.org\/blog\/wp-content\/uploads\/2024\/06\/Escola-de-Verao-300x300.png 300w, http:\/\/teatrodovestido.org\/blog\/wp-content\/uploads\/2024\/06\/Escola-de-Verao-150x150.png 150w, http:\/\/teatrodovestido.org\/blog\/wp-content\/uploads\/2024\/06\/Escola-de-Verao-768x768.png 768w, http:\/\/teatrodovestido.org\/blog\/wp-content\/uploads\/2024\/06\/Escola-de-Verao-144x144.png 144w, http:\/\/teatrodovestido.org\/blog\/wp-content\/uploads\/2024\/06\/Escola-de-Verao-500x500.png 500w, http:\/\/teatrodovestido.org\/blog\/wp-content\/uploads\/2024\/06\/Escola-de-Verao.png 1080w\" sizes=\"(max-width: 1024px) 100vw, 1024px\" \/><\/a><\/figure>\n\n\n\n<p>\u201cEstar atento, s\u00f3 por si, pode rivalizar com a mais ponderosa lente de aumentar.\u201d<br>Robin Wall Kimmerer<\/p>\n\n\n\n<p class=\"has-text-align-left\">Laborat\u00f3rio de trabalho art\u00edstico em torno das ideias de <strong>terra<\/strong>, <strong>escuta<\/strong>, <strong>observa\u00e7\u00e3o<\/strong>, <strong>geografia<\/strong>, <strong>comunidade<\/strong> e <strong>cria\u00e7\u00e3o<\/strong>, a Escola de Ver\u00e3o do Teatro do Vestido teve a sua primeira edi\u00e7\u00e3o em 2023 e regressa agora numa nova geografia: Montemor-o-Novo.<br><br>O Teatro do Vestido prop\u00f5e aos participantes um espa\u00e7o de experimenta\u00e7\u00e3o art\u00edstica e de respira\u00e7\u00e3o com lugares e pessoas. Aberto \u00e0 comunidade art\u00edstica nacional e internacional, bem como a outras disciplinas e interesses (como jornalismo, antropologia, hist\u00f3ria, arqueologia e mesmo as ci\u00eancias exactas), esta Escola de Ver\u00e3o pretende criar um momento laboratorial de explora\u00e7\u00e3o, observa\u00e7\u00e3o, partilha e cria\u00e7\u00e3o art\u00edstica.&nbsp;<br><br>A escola desenvolve-se em modelo intensivo de trabalho de cria\u00e7\u00e3o, pesquisa, observa\u00e7\u00e3o e apresenta\u00e7\u00e3o, ao longo de cinco preenchidos dias, em que os participantes tomar\u00e3o contacto com a equipa do Teatro do Vestido, as suas pr\u00e1ticas e pensamentos, bem como com a comunidade envolvente, a partir da qual se trabalhar\u00e1.<br><br>O Teatro do Vestido \u00e9 um colectivo teatral formado em 2001 e que trabalha continuamente para desenterrar hist\u00f3rias, mem\u00f3rias e, no geral, camadas de sentidos, sentimentos e reflex\u00f5es sobre o nosso atribulado quotidiano\/pa\u00eds\/mundo. Dizer que fazem \u2018teatro documental\u2019 \u00e9, no seu entender, reduzir um pouco o espectro do seu trabalho. Preferem dizer que fazem \u2018teatro pol\u00edtico\u2019, com tudo o que isso engloba e implica.<\/p>\n\n\n\n<hr class=\"wp-block-separator has-alpha-channel-opacity is-style-dots\"\/>\n\n\n\n<p>coordena\u00e7\u00e3o: Joana Craveiro&nbsp;<br>equipa de formadores: Est\u00eav\u00e3o Antunes, Francisco Madureira, Joana Craveiro, T\u00e2nia Guerreiro<br>assist\u00eancia: Henrique Antunes&nbsp;<br>direc\u00e7\u00e3o de produ\u00e7\u00e3o: Ala\u00edde Costa&nbsp;<br>apoio: Alma d&#8217; Arame, Oficinas do Convento                                                                         agradecimentos: O Espa\u00e7o do Tempo<\/p>\n\n\n\n<p>participantes: 12                                                                                                                                                                                                                                                                                                       data limite de inscri\u00e7\u00e3o: 15 de Julho de 2024                                                                                                                                                                                            comunica\u00e7\u00e3o de selec\u00e7\u00e3o: 16 de Julho de 2024<\/p>\n\n\n\n<p>valores de inscri\u00e7\u00e3o (inclui seguro de acidentes pessoais):\u00a0                                                                                                                                                   <strong>150\u20ac\u00a0<\/strong>\u2013 com 4 almo\u00e7os inclu\u00eddos (de 23 a 26 de Julho)                                                                   <strong>175\u20ac\u00a0<\/strong>\u2013 com 4 almo\u00e7os e 5 jantares inclu\u00eddos\u00a0(de 22 a 26 de Julho)<\/p>\n\n\n\n<p>As refei\u00e7\u00f5es ser\u00e3o cozinhadas localmente e exclusivamente para os participantes da Escola de Ver\u00e3o, com aten\u00e7\u00e3o \u00e0s restri\u00e7\u00f5es alimentares.<\/p>\n\n\n\n<hr class=\"wp-block-separator has-alpha-channel-opacity is-style-wide\"\/>\n\n\n\n<p class=\"has-text-align-center\">FOR ENGLISH SEE BELLOW<\/p>\n\n\n\n<p>\u201cAttentiveness alone can rival the most powerful magnifying lens.\u201d                                                        Robin Wall Kimmerer<\/p>\n\n\n\n<p>This artistic laboratory is set upon the ideas of deep<strong>&nbsp;listening, observation, geography, land, community<\/strong>, and&nbsp;<strong>artistic practice<\/strong>. The summer school\u2019s first edition took place in 2023 and returns now in a new location: Montemor-o-Novo.<\/p>\n\n\n\n<p>Teatro do Vestido proposes a space of artistic experimentation and breathing together \u2013 with the place and its inhabitants. This laboratory is opened to the national and international artistic community, as well to people from cross-disciplines and interests (journalism, anthropology, history, archeology, and sciences in general). It is a space for exploration, observation, sharing and artistic practice.<\/p>\n\n\n\n<p>This summer school will unfold within an intensive work model throughout 5 full days, where the participants will be in touch with the practice and thoughts of Teatro do Vestido, as well as with the surrounding community (a departing point for the work).<\/p>\n\n\n\n<p>Teatro do Vestido is a theatre collective created in 2001, which continuously works to unearth stories, memories, and layers of meaning in everything, whilst reflecting about our troubled daily lives\/country\/world. People label Teatro do Vestido\u2019s work as \u2018documentary theatre\u2019, but that sort of reduces a bit its scope. They rather say they make \u2018political theatre\u2019, with all that it implies, and all the scope being covered by that statement. The political is, so they believe, everywhere and in everything.<\/p>\n\n\n\n<hr class=\"wp-block-separator has-alpha-channel-opacity is-style-dots\"\/>\n\n\n\n<p>coordination: Joana Craveiro<br>team of trainers: Est\u00eav\u00e3o Antunes, Francisco Madureira, Joana Craveiro, T\u00e2nia Guerreiro<br>assistance: Henrique Antunes<br>production director: Ala\u00edde Costa                                                                                                  support: Alma d&#8217;Arame, O Espa\u00e7o do Tempo, Oficinas do Convento<\/p>\n\n\n\n<p>participants: 12<br>registration deadline: July 15th<br>selection communication: July 16th<\/p>\n\n\n\n<p>registration fees (includes personal accident insurance):<br>150\u20ac \u2013 with 4 lunches included (from 23rd to 26th July)<br>175\u20ac \u2013 with 4 lunches and 5 dinners included (from 22nd to 26th July)<\/p>\n\n\n\n<p>Meals will be cooked locally and exclusively for Summer School participants, with attention to dietary restrictions.<\/p>\n\n\n\n<hr class=\"wp-block-separator has-alpha-channel-opacity is-style-wide\"\/>\n\n\n\n<figure class=\"wp-block-image size-full\"><a href=\"http:\/\/teatrodovestido.org\/blog\/wp-content\/uploads\/2024\/06\/image.png\"><img loading=\"lazy\" decoding=\"async\" width=\"1024\" height=\"196\" src=\"http:\/\/teatrodovestido.org\/blog\/wp-content\/uploads\/2024\/06\/image.png\" alt=\"\" class=\"wp-image-10738\" srcset=\"http:\/\/teatrodovestido.org\/blog\/wp-content\/uploads\/2024\/06\/image.png 1024w, http:\/\/teatrodovestido.org\/blog\/wp-content\/uploads\/2024\/06\/image-300x57.png 300w, http:\/\/teatrodovestido.org\/blog\/wp-content\/uploads\/2024\/06\/image-768x147.png 768w, http:\/\/teatrodovestido.org\/blog\/wp-content\/uploads\/2024\/06\/image-500x96.png 500w\" sizes=\"(max-width: 1024px) 100vw, 1024px\" \/><\/a><\/figure>\n\n\n\n<figure class=\"wp-block-image size-full\"><a href=\"http:\/\/teatrodovestido.org\/blog\/wp-content\/uploads\/2024\/06\/image-1.png\"><img loading=\"lazy\" decoding=\"async\" width=\"1024\" height=\"104\" src=\"http:\/\/teatrodovestido.org\/blog\/wp-content\/uploads\/2024\/06\/image-1.png\" alt=\"\" class=\"wp-image-10739\" srcset=\"http:\/\/teatrodovestido.org\/blog\/wp-content\/uploads\/2024\/06\/image-1.png 1024w, http:\/\/teatrodovestido.org\/blog\/wp-content\/uploads\/2024\/06\/image-1-300x30.png 300w, http:\/\/teatrodovestido.org\/blog\/wp-content\/uploads\/2024\/06\/image-1-768x78.png 768w, http:\/\/teatrodovestido.org\/blog\/wp-content\/uploads\/2024\/06\/image-1-500x51.png 500w\" sizes=\"(max-width: 1024px) 100vw, 1024px\" \/><\/a><\/figure>\n\n\n\n<hr class=\"wp-block-separator has-alpha-channel-opacity\"\/>\n\n\n\n<p class=\"has-text-align-center\">O TEATRO DO VESTIDO TEM O APOIO DE<\/p>\n\n\n\n<figure class=\"wp-block-image size-full\"><a href=\"http:\/\/teatrodovestido.org\/blog\/wp-content\/uploads\/2024\/06\/image-2.png\"><img loading=\"lazy\" decoding=\"async\" width=\"721\" height=\"154\" src=\"http:\/\/teatrodovestido.org\/blog\/wp-content\/uploads\/2024\/06\/image-2.png\" alt=\"\" class=\"wp-image-10740\" srcset=\"http:\/\/teatrodovestido.org\/blog\/wp-content\/uploads\/2024\/06\/image-2.png 721w, http:\/\/teatrodovestido.org\/blog\/wp-content\/uploads\/2024\/06\/image-2-300x64.png 300w, http:\/\/teatrodovestido.org\/blog\/wp-content\/uploads\/2024\/06\/image-2-500x107.png 500w\" sizes=\"(max-width: 721px) 100vw, 721px\" \/><\/a><\/figure>\n","protected":false},"excerpt":{"rendered":"<p>Montemor-o-Novo, Portugal \u201cEstar atento, s\u00f3 por si, pode rivalizar com a mais ponderosa lente de aumentar.\u201dRobin Wall Kimmerer Laborat\u00f3rio de trabalho art\u00edstico em torno das ideias de terra, escuta, observa\u00e7\u00e3o, geografia, comunidade e cria\u00e7\u00e3o, a Escola de Ver\u00e3o do Teatro &hellip; <a href=\"http:\/\/teatrodovestido.org\/blog\/?p=10744\">Continue reading <span class=\"meta-nav\">&rarr;<\/span><\/a><\/p>\n","protected":false},"author":1,"featured_media":0,"comment_status":"closed","ping_status":"closed","sticky":false,"template":"","format":"standard","meta":{"footnotes":""},"categories":[1],"tags":[],"class_list":["post-10744","post","type-post","status-publish","format-standard","hentry","category-tdv"],"_links":{"self":[{"href":"http:\/\/teatrodovestido.org\/blog\/index.php?rest_route=\/wp\/v2\/posts\/10744"}],"collection":[{"href":"http:\/\/teatrodovestido.org\/blog\/index.php?rest_route=\/wp\/v2\/posts"}],"about":[{"href":"http:\/\/teatrodovestido.org\/blog\/index.php?rest_route=\/wp\/v2\/types\/post"}],"author":[{"embeddable":true,"href":"http:\/\/teatrodovestido.org\/blog\/index.php?rest_route=\/wp\/v2\/users\/1"}],"replies":[{"embeddable":true,"href":"http:\/\/teatrodovestido.org\/blog\/index.php?rest_route=%2Fwp%2Fv2%2Fcomments&post=10744"}],"version-history":[{"count":4,"href":"http:\/\/teatrodovestido.org\/blog\/index.php?rest_route=\/wp\/v2\/posts\/10744\/revisions"}],"predecessor-version":[{"id":10755,"href":"http:\/\/teatrodovestido.org\/blog\/index.php?rest_route=\/wp\/v2\/posts\/10744\/revisions\/10755"}],"wp:attachment":[{"href":"http:\/\/teatrodovestido.org\/blog\/index.php?rest_route=%2Fwp%2Fv2%2Fmedia&parent=10744"}],"wp:term":[{"taxonomy":"category","embeddable":true,"href":"http:\/\/teatrodovestido.org\/blog\/index.php?rest_route=%2Fwp%2Fv2%2Fcategories&post=10744"},{"taxonomy":"post_tag","embeddable":true,"href":"http:\/\/teatrodovestido.org\/blog\/index.php?rest_route=%2Fwp%2Fv2%2Ftags&post=10744"}],"curies":[{"name":"wp","href":"https:\/\/api.w.org\/{rel}","templated":true}]}}