{"id":10736,"date":"2024-06-06T10:00:30","date_gmt":"2024-06-06T09:00:30","guid":{"rendered":"https:\/\/teatrodovestido.org\/blog\/?p=10736"},"modified":"2024-06-26T12:37:53","modified_gmt":"2024-06-26T11:37:53","slug":"esta-e-a-minha-cidade-e-eu-quero-viver-nela-portimao","status":"publish","type":"post","link":"http:\/\/teatrodovestido.org\/blog\/?p=10736","title":{"rendered":"Esta \u00e9 a Minha Cidade e Eu Quero Viver Nela | Portim\u00e3o"},"content":{"rendered":"\n<figure class=\"wp-block-image size-large\"><a href=\"https:\/\/teatrodovestido.org\/blog\/wp-content\/uploads\/2024\/06\/Postal-Portimao_3-rotated.jpg\"><img loading=\"lazy\" decoding=\"async\" width=\"1024\" height=\"768\" src=\"https:\/\/teatrodovestido.org\/blog\/wp-content\/uploads\/2024\/06\/Postal-Portimao_3-1024x768.jpg\" alt=\"\" class=\"wp-image-10737\" srcset=\"http:\/\/teatrodovestido.org\/blog\/wp-content\/uploads\/2024\/06\/Postal-Portimao_3-1024x768.jpg 1024w, http:\/\/teatrodovestido.org\/blog\/wp-content\/uploads\/2024\/06\/Postal-Portimao_3-300x225.jpg 300w, http:\/\/teatrodovestido.org\/blog\/wp-content\/uploads\/2024\/06\/Postal-Portimao_3-768x576.jpg 768w, http:\/\/teatrodovestido.org\/blog\/wp-content\/uploads\/2024\/06\/Postal-Portimao_3-1536x1152.jpg 1536w, http:\/\/teatrodovestido.org\/blog\/wp-content\/uploads\/2024\/06\/Postal-Portimao_3-500x375.jpg 500w, http:\/\/teatrodovestido.org\/blog\/wp-content\/uploads\/2024\/06\/Postal-Portimao_3-rotated.jpg 1600w\" sizes=\"(max-width: 1024px) 100vw, 1024px\" \/><\/a><figcaption class=\"wp-element-caption\">\u00a9 Joana Craveiro<\/figcaption><\/figure>\n\n\n\n<p>O Teatro do Vestido encontra-se neste momento em resid\u00eancia art\u00edstica em Portim\u00e3o, neste m\u00eas de Junho, para a cria\u00e7\u00e3o do espect\u00e1culo &#8220;Esta \u00e9 a minha cidade e eu quero viver nela&#8221; a estrear em Dezembro, uma co-produ\u00e7\u00e3o com a Lavrar o Mar, no \u00e2mbito das Comemora\u00e7\u00f5es dos 100 Anos da Cidade de Portim\u00e3o.<\/p>\n\n\n\n<hr class=\"wp-block-separator has-alpha-channel-opacity is-style-dots\"\/>\n\n\n\n<figure class=\"wp-block-image size-full\"><a href=\"https:\/\/teatrodovestido.org\/blog\/wp-content\/uploads\/2024\/06\/image.png\"><img loading=\"lazy\" decoding=\"async\" width=\"1024\" height=\"196\" src=\"https:\/\/teatrodovestido.org\/blog\/wp-content\/uploads\/2024\/06\/image.png\" alt=\"\" class=\"wp-image-10738\" srcset=\"http:\/\/teatrodovestido.org\/blog\/wp-content\/uploads\/2024\/06\/image.png 1024w, http:\/\/teatrodovestido.org\/blog\/wp-content\/uploads\/2024\/06\/image-300x57.png 300w, http:\/\/teatrodovestido.org\/blog\/wp-content\/uploads\/2024\/06\/image-768x147.png 768w, http:\/\/teatrodovestido.org\/blog\/wp-content\/uploads\/2024\/06\/image-500x96.png 500w\" sizes=\"(max-width: 1024px) 100vw, 1024px\" \/><\/a><\/figure>\n\n\n\n<figure class=\"wp-block-image size-full\"><a href=\"https:\/\/teatrodovestido.org\/blog\/wp-content\/uploads\/2024\/06\/image-1.png\"><img loading=\"lazy\" decoding=\"async\" width=\"1024\" height=\"104\" src=\"https:\/\/teatrodovestido.org\/blog\/wp-content\/uploads\/2024\/06\/image-1.png\" alt=\"\" class=\"wp-image-10739\" srcset=\"http:\/\/teatrodovestido.org\/blog\/wp-content\/uploads\/2024\/06\/image-1.png 1024w, http:\/\/teatrodovestido.org\/blog\/wp-content\/uploads\/2024\/06\/image-1-300x30.png 300w, http:\/\/teatrodovestido.org\/blog\/wp-content\/uploads\/2024\/06\/image-1-768x78.png 768w, http:\/\/teatrodovestido.org\/blog\/wp-content\/uploads\/2024\/06\/image-1-500x51.png 500w\" sizes=\"(max-width: 1024px) 100vw, 1024px\" \/><\/a><\/figure>\n\n\n\n<p class=\"has-text-align-center\">O TEATRO DO VESTIDO TEM O APOIO DE<\/p>\n\n\n\n<figure class=\"wp-block-image size-full\"><a href=\"https:\/\/teatrodovestido.org\/blog\/wp-content\/uploads\/2024\/06\/image-2.png\"><img loading=\"lazy\" decoding=\"async\" width=\"721\" height=\"154\" src=\"https:\/\/teatrodovestido.org\/blog\/wp-content\/uploads\/2024\/06\/image-2.png\" alt=\"\" class=\"wp-image-10740\" srcset=\"http:\/\/teatrodovestido.org\/blog\/wp-content\/uploads\/2024\/06\/image-2.png 721w, http:\/\/teatrodovestido.org\/blog\/wp-content\/uploads\/2024\/06\/image-2-300x64.png 300w, http:\/\/teatrodovestido.org\/blog\/wp-content\/uploads\/2024\/06\/image-2-500x107.png 500w\" sizes=\"(max-width: 721px) 100vw, 721px\" \/><\/a><\/figure>\n","protected":false},"excerpt":{"rendered":"<p>O Teatro do Vestido encontra-se neste momento em resid\u00eancia art\u00edstica em Portim\u00e3o, neste m\u00eas de Junho, para a cria\u00e7\u00e3o do espect\u00e1culo &#8220;Esta \u00e9 a minha cidade e eu quero viver nela&#8221; a estrear em Dezembro, uma co-produ\u00e7\u00e3o com a Lavrar &hellip; <a href=\"http:\/\/teatrodovestido.org\/blog\/?p=10736\">Continue reading <span class=\"meta-nav\">&rarr;<\/span><\/a><\/p>\n","protected":false},"author":1,"featured_media":0,"comment_status":"closed","ping_status":"closed","sticky":false,"template":"","format":"standard","meta":{"footnotes":""},"categories":[1],"tags":[],"class_list":["post-10736","post","type-post","status-publish","format-standard","hentry","category-tdv"],"_links":{"self":[{"href":"http:\/\/teatrodovestido.org\/blog\/index.php?rest_route=\/wp\/v2\/posts\/10736"}],"collection":[{"href":"http:\/\/teatrodovestido.org\/blog\/index.php?rest_route=\/wp\/v2\/posts"}],"about":[{"href":"http:\/\/teatrodovestido.org\/blog\/index.php?rest_route=\/wp\/v2\/types\/post"}],"author":[{"embeddable":true,"href":"http:\/\/teatrodovestido.org\/blog\/index.php?rest_route=\/wp\/v2\/users\/1"}],"replies":[{"embeddable":true,"href":"http:\/\/teatrodovestido.org\/blog\/index.php?rest_route=%2Fwp%2Fv2%2Fcomments&post=10736"}],"version-history":[{"count":1,"href":"http:\/\/teatrodovestido.org\/blog\/index.php?rest_route=\/wp\/v2\/posts\/10736\/revisions"}],"predecessor-version":[{"id":10741,"href":"http:\/\/teatrodovestido.org\/blog\/index.php?rest_route=\/wp\/v2\/posts\/10736\/revisions\/10741"}],"wp:attachment":[{"href":"http:\/\/teatrodovestido.org\/blog\/index.php?rest_route=%2Fwp%2Fv2%2Fmedia&parent=10736"}],"wp:term":[{"taxonomy":"category","embeddable":true,"href":"http:\/\/teatrodovestido.org\/blog\/index.php?rest_route=%2Fwp%2Fv2%2Fcategories&post=10736"},{"taxonomy":"post_tag","embeddable":true,"href":"http:\/\/teatrodovestido.org\/blog\/index.php?rest_route=%2Fwp%2Fv2%2Ftags&post=10736"}],"curies":[{"name":"wp","href":"https:\/\/api.w.org\/{rel}","templated":true}]}}