{"id":10669,"date":"2024-03-06T17:36:52","date_gmt":"2024-03-06T17:36:52","guid":{"rendered":"http:\/\/teatrodovestido.org\/blog\/?p=10669"},"modified":"2024-03-11T17:38:02","modified_gmt":"2024-03-11T17:38:02","slug":"dia-internacional-das-mulheres","status":"publish","type":"post","link":"http:\/\/teatrodovestido.org\/blog\/?p=10669","title":{"rendered":"DIA INTERNACIONAL DAS MULHERES"},"content":{"rendered":"\n<figure class=\"wp-block-image size-large\"><a href=\"http:\/\/teatrodovestido.org\/blog\/wp-content\/uploads\/2023\/02\/imagem_2_ELAS_200622FBTDV.jpeg\"><img loading=\"lazy\" decoding=\"async\" width=\"1024\" height=\"575\" src=\"http:\/\/teatrodovestido.org\/blog\/wp-content\/uploads\/2023\/02\/imagem_2_ELAS_200622FBTDV-1024x575.jpeg\" alt=\"\" class=\"wp-image-10538\" srcset=\"http:\/\/teatrodovestido.org\/blog\/wp-content\/uploads\/2023\/02\/imagem_2_ELAS_200622FBTDV-1024x575.jpeg 1024w, http:\/\/teatrodovestido.org\/blog\/wp-content\/uploads\/2023\/02\/imagem_2_ELAS_200622FBTDV-300x168.jpeg 300w, http:\/\/teatrodovestido.org\/blog\/wp-content\/uploads\/2023\/02\/imagem_2_ELAS_200622FBTDV-768x431.jpeg 768w, http:\/\/teatrodovestido.org\/blog\/wp-content\/uploads\/2023\/02\/imagem_2_ELAS_200622FBTDV-1536x862.jpeg 1536w, http:\/\/teatrodovestido.org\/blog\/wp-content\/uploads\/2023\/02\/imagem_2_ELAS_200622FBTDV-500x281.jpeg 500w, http:\/\/teatrodovestido.org\/blog\/wp-content\/uploads\/2023\/02\/imagem_2_ELAS_200622FBTDV.jpeg 2048w\" sizes=\"(max-width: 1024px) 100vw, 1024px\" \/><\/a><figcaption class=\"wp-element-caption\">Elas tamb\u00e9m estiveram l\u00e1 &#8211; still<\/figcaption><\/figure>\n\n\n\n<p><\/p>\n\n\n\n<p>ELAS TAMB\u00c9M ESTIVERAM L\u00c1<br>um filme de Joana Craveiro<br><br>Men\u00e7\u00e3o especial do J\u00fari do Festival\u00a0<a href=\"https:\/\/www.instagram.com\/olhares_do_mediterraneo\/\">@olhares_do_mediterraneo<\/a>\u00a0&#8211; Women&#8217;s Film Festival de 2021<br><br>Pr\u00f3ximas Exibi\u00e7\u00f5es<br>7 Mar\u00e7o | 21h00 &#8211; Cine-Teatro Grandolense, Gr\u00e2ndola<br>Entrada Livre<br>mais informa\u00e7\u00f5es:\u00a0<a href=\"https:\/\/www.instagram.com\/municipiodegrandola\/\">@municipiodegrandola<\/a><br><br>8 Mar\u00e7o | 15h00 e 21h00 &#8211; Biblioteca Municipal de Barcelos<br>Entrada Livre<br>mais informa\u00e7\u00f5es:\u00a0<a href=\"https:\/\/www.instagram.com\/municipiodebarcelos\/\">@municipiodebarcelos<\/a><br><br><br>O Teatro do Vestido tem o apoio de Rep\u00fablica Portuguesa |\u00a0<a href=\"https:\/\/www.instagram.com\/dg.artes\/\">@dg.artes<\/a><\/p>\n","protected":false},"excerpt":{"rendered":"<p>ELAS TAMB\u00c9M ESTIVERAM L\u00c1um filme de Joana Craveiro Men\u00e7\u00e3o especial do J\u00fari do Festival\u00a0@olhares_do_mediterraneo\u00a0&#8211; Women&#8217;s Film Festival de 2021 Pr\u00f3ximas Exibi\u00e7\u00f5es7 Mar\u00e7o | 21h00 &#8211; Cine-Teatro Grandolense, Gr\u00e2ndolaEntrada Livremais informa\u00e7\u00f5es:\u00a0@municipiodegrandola 8 Mar\u00e7o | 15h00 e 21h00 &#8211; Biblioteca Municipal de &hellip; <a href=\"http:\/\/teatrodovestido.org\/blog\/?p=10669\">Continue reading <span class=\"meta-nav\">&rarr;<\/span><\/a><\/p>\n","protected":false},"author":1,"featured_media":0,"comment_status":"closed","ping_status":"closed","sticky":false,"template":"","format":"standard","meta":{"footnotes":""},"categories":[1],"tags":[],"class_list":["post-10669","post","type-post","status-publish","format-standard","hentry","category-tdv"],"_links":{"self":[{"href":"http:\/\/teatrodovestido.org\/blog\/index.php?rest_route=\/wp\/v2\/posts\/10669"}],"collection":[{"href":"http:\/\/teatrodovestido.org\/blog\/index.php?rest_route=\/wp\/v2\/posts"}],"about":[{"href":"http:\/\/teatrodovestido.org\/blog\/index.php?rest_route=\/wp\/v2\/types\/post"}],"author":[{"embeddable":true,"href":"http:\/\/teatrodovestido.org\/blog\/index.php?rest_route=\/wp\/v2\/users\/1"}],"replies":[{"embeddable":true,"href":"http:\/\/teatrodovestido.org\/blog\/index.php?rest_route=%2Fwp%2Fv2%2Fcomments&post=10669"}],"version-history":[{"count":2,"href":"http:\/\/teatrodovestido.org\/blog\/index.php?rest_route=\/wp\/v2\/posts\/10669\/revisions"}],"predecessor-version":[{"id":10672,"href":"http:\/\/teatrodovestido.org\/blog\/index.php?rest_route=\/wp\/v2\/posts\/10669\/revisions\/10672"}],"wp:attachment":[{"href":"http:\/\/teatrodovestido.org\/blog\/index.php?rest_route=%2Fwp%2Fv2%2Fmedia&parent=10669"}],"wp:term":[{"taxonomy":"category","embeddable":true,"href":"http:\/\/teatrodovestido.org\/blog\/index.php?rest_route=%2Fwp%2Fv2%2Fcategories&post=10669"},{"taxonomy":"post_tag","embeddable":true,"href":"http:\/\/teatrodovestido.org\/blog\/index.php?rest_route=%2Fwp%2Fv2%2Ftags&post=10669"}],"curies":[{"name":"wp","href":"https:\/\/api.w.org\/{rel}","templated":true}]}}