{"id":10658,"date":"2023-11-01T10:00:00","date_gmt":"2023-11-01T10:00:00","guid":{"rendered":"https:\/\/teatrodovestido.org\/blog\/?p=10658"},"modified":"2024-01-09T13:07:23","modified_gmt":"2024-01-09T13:07:23","slug":"um-mini-museu-vivode-memorias-do-portugal-recente","status":"publish","type":"post","link":"http:\/\/teatrodovestido.org\/blog\/?p=10658","title":{"rendered":"<strong>Um Mini-Museu Vivo<\/strong><br><strong>DE MEM\u00d3RIAS DO PORTUGAL RECENTE<\/strong>"},"content":{"rendered":"\n<p>ADENDA CABO-VERDE<\/p>\n\n\n\n<figure class=\"wp-block-image size-large\"><a href=\"https:\/\/teatrodovestido.org\/blog\/wp-content\/uploads\/2024\/01\/mini_museu-min.jpg\"><img loading=\"lazy\" decoding=\"async\" width=\"1024\" height=\"716\" src=\"https:\/\/teatrodovestido.org\/blog\/wp-content\/uploads\/2024\/01\/mini_museu-min-1024x716.jpg\" alt=\"\" class=\"wp-image-10660\" srcset=\"http:\/\/teatrodovestido.org\/blog\/wp-content\/uploads\/2024\/01\/mini_museu-min-1024x716.jpg 1024w, http:\/\/teatrodovestido.org\/blog\/wp-content\/uploads\/2024\/01\/mini_museu-min-300x210.jpg 300w, http:\/\/teatrodovestido.org\/blog\/wp-content\/uploads\/2024\/01\/mini_museu-min-768x537.jpg 768w, http:\/\/teatrodovestido.org\/blog\/wp-content\/uploads\/2024\/01\/mini_museu-min-1536x1074.jpg 1536w, http:\/\/teatrodovestido.org\/blog\/wp-content\/uploads\/2024\/01\/mini_museu-min-500x350.jpg 500w, http:\/\/teatrodovestido.org\/blog\/wp-content\/uploads\/2024\/01\/mini_museu-min.jpg 1996w\" sizes=\"(max-width: 1024px) 100vw, 1024px\" \/><\/a><\/figure>\n\n\n\n<p class=\"has-text-align-center has-medium-font-size\"><strong>4 DE NOVEMBRO<\/strong><br>FESTIVAL&nbsp;MINDELACT<br><strong>Centro Cultural do Mindelo, CABO-VERDE<\/strong><\/p>\n\n\n\n<p class=\"has-text-align-center has-medium-font-size\"><strong>21H30<\/strong><\/p>\n\n\n\n<p>Este projecto parte dos materiais que s\u00e3o a base da constru\u00e7\u00e3o do monumental&nbsp;<strong><em>Um Museu Vivo de Mem\u00f3rias Pequenas e Esquecidas<\/em><\/strong>. Inspirando-se na estrutura em 7 partes do espect\u00e1culo-m\u00e3e, o Teatro do Vestido revisita aqui o seu arquivo \u2013 com diversos materiais in\u00e9ditos \u2013sobre a ditadura de 1926-1974, a revolu\u00e7\u00e3o de 25 de Abril de 1974 e o processo revolucion\u00e1rio de 1974-76. Constru\u00eddo em resposta ao convite do CCB\/ F\u00e1brica das Artes, em 2017, e inserido no ciclo&nbsp;<em><strong>Mem\u00f3rias de Inten\u00e7\u00e3o Pol\u00edtica<\/strong><\/em>, o projecto ser\u00e1 aqui revisitado e revisto \u00e0 luz das comemora\u00e7\u00f5es dos 50 anos do 25 de Abril. A par do conjunto de apresenta\u00e7\u00f5es que ter\u00e1 lugar em Fevereiro de 2024 no Pequeno Audit\u00f3rio do CCB, o espect\u00e1culo ser\u00e1 apresentado em Novembro de 2023 em Cabo Verde, inserido no&nbsp;<em><strong>Festival Mindelact<\/strong><\/em>.<\/p>\n\n\n\n<p><em><strong>Um Mini-Museu Vivo de Mem\u00f3rias do Portugal Recente<\/strong><\/em>&nbsp;leva o p\u00fablico pela m\u00e3o nesta viagem cronol\u00f3gica, que come\u00e7a com a descoberta de uma caixa cheia de panfletos e evid\u00eancias de um conjunto de utopias hoje ca\u00eddas em desuso, s\u00e3o aqui enunciados mais de 80 anos de hist\u00f3ria que nos conduzem \u00e0 presente democracia. Neste \u201c<em><strong>Mini-Museu<\/strong><\/em>\u201d encontramos hist\u00f3rias de pessoas comuns que n\u00e3o foram fixadas nos manuais de hist\u00f3ria tal como ela \u00e9 ensinada nas escolas. Os pequenos objectos, as fotografias de fam\u00edlia, um velho livro de uma biblioteca pessoal, um recorte de jornal guardado entre as p\u00e1ginas de um di\u00e1rio \u2013 testemunhas de outras formas poss\u00edveis de lembrar e contar estas hist\u00f3rias. Quase cinquenta anos depois do 25 de Abril, j\u00e1 s\u00e3o os filhos de Abril que transmitem as mem\u00f3rias que ouviram contar, a outros para quem este passado \u00e9 j\u00e1 um \u2018pa\u00eds distante.\u2019<\/p>\n\n\n\n<p>E, no entanto, como mostra este espect\u00e1culo, este passado faz muito daquilo que \u00e9 o nosso presente. N\u00e3o o conhecer, n\u00e3o saber como cheg\u00e1mos at\u00e9 aqui, \u00e9 como faltar-nos um mapa para o futuro. A pretexto da passagem pelo&nbsp;<em><strong>Mindelact<\/strong><\/em>, o Teatro do Vestido prop\u00f5e-se fazer aqui uma adenda ao Museu \u2013 na sua tradi\u00e7\u00e3o de \u2018adicionar\u2019 novas partes, como j\u00e1 tinha feito no espect\u00e1culo-m\u00e3e \u2013 a partir da hist\u00f3ria colonial portuguesa, com especial incid\u00eancia sobre Cabo Verde e, nomeadamente, as lutas travadas pelos movimentos de liberta\u00e7\u00e3o &#8211; neste caso (e no da Guin\u00e9) sob o comando de Am\u00edlcar Cabral. A revisita\u00e7\u00e3o do campo de concentra\u00e7\u00e3o do Tarrafal, hoje um museu de mem\u00f3ria \u2013 j\u00e1 presente no texto original do espect\u00e1culo \u2013 tamb\u00e9m ter\u00e1 um lugar particular nesta adenda. A jovem int\u00e9rprete e criadora D\u00fania Semedo, com quem se cruzou em&nbsp;<strong><em>Meio no Meio<\/em><\/strong>, cria\u00e7\u00e3o de Victor Hugo Pontes, \u00e9 convidada para a revisita\u00e7\u00e3o e releitura destes materiais, agora alimentados pela sua presen\u00e7a e pela sua hist\u00f3ria de desloca\u00e7\u00e3o, e resgate identit\u00e1rio. D\u00fania saiu de Cabo Verde aos 8 anos, junto com os pais, por motivos econ\u00f3micos, e teve sempre o desejo de voltar e viver no seu pa\u00eds. Esta cria\u00e7\u00e3o permitir-lhe-\u00e1 regressar a Cabo Verde e interrogar em palco a sua pr\u00f3pria hist\u00f3ria e coloc\u00e1-la lado a lado com os dif\u00edceis legados do colonialismo portugu\u00eas e da ditadura portuguesa.<\/p>\n\n\n\n<p>A cria\u00e7\u00e3o deste novo cap\u00edtulo dedicado a Cabo Verde, foi antecedida por uma resid\u00eancia de investiga\u00e7\u00e3o de Joana Craveiro em Cabo Verde.<\/p>\n\n\n\n<hr class=\"wp-block-separator has-alpha-channel-opacity is-style-dots\"\/>\n\n\n\n<p class=\"has-text-align-center has-small-font-size\">classifica\u00e7\u00e3o et\u00e1ria: M\/12<br>dura\u00e7\u00e3o: 1h45<br>mais informa\u00e7\u00f5es sobre bilheteira e reservas: +238 957 88 93 ou mindelact@gmail.com<\/p>\n\n\n\n<p class=\"has-white-color has-medium-gray-background-color has-text-color has-background\" style=\"font-size:10px\"><strong>Concep\u00e7\u00e3o, texto e performance<\/strong>\u00a0Joana Craveiro\u00a0<strong>Interpreta\u00e7\u00e3o<\/strong>\u00a0D\u00fania Semedo\u00a0<strong>Assist\u00eancia Criativa\u00a0<\/strong>Rosinda Costa (na vers\u00e3o de 2017)\u00a0e T\u00e2nia Guerreiro\u00a0<strong>Assist\u00eancia<\/strong>\u00a0Henrique Antunes\u00a0<strong>Desenho de Luz<\/strong>\u00a0Jo\u00e3o Cachulo Direc\u00e7\u00e3o T\u00e9cnica,\u00a0<strong>Opera\u00e7\u00e3o de V\u00eddeo e Ilumina\u00e7\u00e3o(CV)<\/strong>\u00a0Jo\u00e3o Pedro Leit\u00e3o\u00a0<strong>Opera\u00e7\u00e3o de Som<\/strong>\u00a0Igor de Brito\u00a0<strong>Direc\u00e7\u00e3o de produ\u00e7\u00e3o<\/strong>\u00a0Ala\u00edde Costa\u00a0<strong>Assist\u00eancia de produ\u00e7\u00e3o (PT)<\/strong>\u00a0Rita Conde\u00a0<br><br><strong>Apoio\u00a0<\/strong>FX RoadLights<\/p>\n\n\n\n<div style=\"height:12px\" aria-hidden=\"true\" class=\"wp-block-spacer\"><\/div>\n\n\n\n<hr class=\"wp-block-separator has-alpha-channel-opacity is-style-dots\"\/>\n\n\n\n<p class=\"has-text-align-center has-small-font-size\">O TEATRO DO VESTIDO TEM O APOIO DE<\/p>\n\n\n\n<figure class=\"wp-block-image size-large\"><a href=\"http:\/\/teatrodovestido.org\/blog\/wp-content\/uploads\/2023\/10\/dgartes_republica_iefp_atualizado.jpg\"><img loading=\"lazy\" decoding=\"async\" width=\"1024\" height=\"159\" src=\"http:\/\/teatrodovestido.org\/blog\/wp-content\/uploads\/2023\/10\/dgartes_republica_iefp_atualizado-1024x159.jpg\" alt=\"\" class=\"wp-image-10626\" srcset=\"http:\/\/teatrodovestido.org\/blog\/wp-content\/uploads\/2023\/10\/dgartes_republica_iefp_atualizado-1024x159.jpg 1024w, http:\/\/teatrodovestido.org\/blog\/wp-content\/uploads\/2023\/10\/dgartes_republica_iefp_atualizado-300x47.jpg 300w, http:\/\/teatrodovestido.org\/blog\/wp-content\/uploads\/2023\/10\/dgartes_republica_iefp_atualizado-768x119.jpg 768w, http:\/\/teatrodovestido.org\/blog\/wp-content\/uploads\/2023\/10\/dgartes_republica_iefp_atualizado-500x78.jpg 500w, http:\/\/teatrodovestido.org\/blog\/wp-content\/uploads\/2023\/10\/dgartes_republica_iefp_atualizado.jpg 1184w\" sizes=\"(max-width: 1024px) 100vw, 1024px\" \/><\/a><\/figure>\n","protected":false},"excerpt":{"rendered":"<p>ADENDA CABO-VERDE 4 DE NOVEMBROFESTIVAL&nbsp;MINDELACTCentro Cultural do Mindelo, CABO-VERDE 21H30 Este projecto parte dos materiais que s\u00e3o a base da constru\u00e7\u00e3o do monumental&nbsp;Um Museu Vivo de Mem\u00f3rias Pequenas e Esquecidas. Inspirando-se na estrutura em 7 partes do espect\u00e1culo-m\u00e3e, o Teatro &hellip; <a href=\"http:\/\/teatrodovestido.org\/blog\/?p=10658\">Continue reading <span class=\"meta-nav\">&rarr;<\/span><\/a><\/p>\n","protected":false},"author":1,"featured_media":0,"comment_status":"closed","ping_status":"closed","sticky":false,"template":"","format":"standard","meta":{"footnotes":""},"categories":[1],"tags":[],"class_list":["post-10658","post","type-post","status-publish","format-standard","hentry","category-tdv"],"_links":{"self":[{"href":"http:\/\/teatrodovestido.org\/blog\/index.php?rest_route=\/wp\/v2\/posts\/10658"}],"collection":[{"href":"http:\/\/teatrodovestido.org\/blog\/index.php?rest_route=\/wp\/v2\/posts"}],"about":[{"href":"http:\/\/teatrodovestido.org\/blog\/index.php?rest_route=\/wp\/v2\/types\/post"}],"author":[{"embeddable":true,"href":"http:\/\/teatrodovestido.org\/blog\/index.php?rest_route=\/wp\/v2\/users\/1"}],"replies":[{"embeddable":true,"href":"http:\/\/teatrodovestido.org\/blog\/index.php?rest_route=%2Fwp%2Fv2%2Fcomments&post=10658"}],"version-history":[{"count":1,"href":"http:\/\/teatrodovestido.org\/blog\/index.php?rest_route=\/wp\/v2\/posts\/10658\/revisions"}],"predecessor-version":[{"id":10661,"href":"http:\/\/teatrodovestido.org\/blog\/index.php?rest_route=\/wp\/v2\/posts\/10658\/revisions\/10661"}],"wp:attachment":[{"href":"http:\/\/teatrodovestido.org\/blog\/index.php?rest_route=%2Fwp%2Fv2%2Fmedia&parent=10658"}],"wp:term":[{"taxonomy":"category","embeddable":true,"href":"http:\/\/teatrodovestido.org\/blog\/index.php?rest_route=%2Fwp%2Fv2%2Fcategories&post=10658"},{"taxonomy":"post_tag","embeddable":true,"href":"http:\/\/teatrodovestido.org\/blog\/index.php?rest_route=%2Fwp%2Fv2%2Ftags&post=10658"}],"curies":[{"name":"wp","href":"https:\/\/api.w.org\/{rel}","templated":true}]}}