{"id":10642,"date":"2023-11-15T11:44:15","date_gmt":"2023-11-15T11:44:15","guid":{"rendered":"https:\/\/teatrodovestido.org\/blog\/?p=10642"},"modified":"2023-11-16T14:45:18","modified_gmt":"2023-11-16T14:45:18","slug":"naquele-dia-nao-passou-na-televisao-novembro-e-dezembro-em-circulacao-2","status":"publish","type":"post","link":"http:\/\/teatrodovestido.org\/blog\/?p=10642","title":{"rendered":"Naquele dia, n\u00e3o passou na televis\u00e3o | Novembro e Dezembro em circula\u00e7\u00e3o"},"content":{"rendered":"\n<figure class=\"wp-block-image size-large\"><a href=\"https:\/\/teatrodovestido.org\/blog\/wp-content\/uploads\/2023\/11\/01_NaqueleDia_Cartaz__RGB-10.jpg\"><img loading=\"lazy\" decoding=\"async\" width=\"824\" height=\"1024\" src=\"https:\/\/teatrodovestido.org\/blog\/wp-content\/uploads\/2023\/11\/01_NaqueleDia_Cartaz__RGB-10-824x1024.jpg\" alt=\"\" class=\"wp-image-10646\" srcset=\"http:\/\/teatrodovestido.org\/blog\/wp-content\/uploads\/2023\/11\/01_NaqueleDia_Cartaz__RGB-10-824x1024.jpg 824w, http:\/\/teatrodovestido.org\/blog\/wp-content\/uploads\/2023\/11\/01_NaqueleDia_Cartaz__RGB-10-241x300.jpg 241w, http:\/\/teatrodovestido.org\/blog\/wp-content\/uploads\/2023\/11\/01_NaqueleDia_Cartaz__RGB-10-768x955.jpg 768w, http:\/\/teatrodovestido.org\/blog\/wp-content\/uploads\/2023\/11\/01_NaqueleDia_Cartaz__RGB-10-1236x1536.jpg 1236w, http:\/\/teatrodovestido.org\/blog\/wp-content\/uploads\/2023\/11\/01_NaqueleDia_Cartaz__RGB-10-1648x2048.jpg 1648w, http:\/\/teatrodovestido.org\/blog\/wp-content\/uploads\/2023\/11\/01_NaqueleDia_Cartaz__RGB-10-402x500.jpg 402w, http:\/\/teatrodovestido.org\/blog\/wp-content\/uploads\/2023\/11\/01_NaqueleDia_Cartaz__RGB-10.jpg 1996w\" sizes=\"(max-width: 824px) 100vw, 824px\" \/><\/a><\/figure>\n\n\n\n<p>Em&nbsp;<em>Naquele dia, n\u00e3o passou na televis\u00e3o,&nbsp;<\/em>o Teatro do Vestido parte de testemunhos e documentos para relatar a forma como a morte do estudante&nbsp;Jos\u00e9 Ant\u00f3nio Ribeiro dos Santos, assassinado por um agente da PIDE-DGS, foi divulgada, quer pelos seus amigos, apoiantes e companheiros de luta, quer pelo regime, que tudo fez para disfar\u00e7ar o seu assassinato como um \u201cacidente\u201d, fruto de desacatos com os estudantes, em \u201ctiros disparados para o ar.\u201d N\u00e3o por acaso, 2 anos depois, \u00e0 porta da Rua Ant\u00f3nio Maria Cardoso, em Lisboa, no dia 25 de Abril de 1974 os mesmos \u201ctiros disparados para o ar\u201d serviriam como alibi para os agentes da PIDE que dispararam sobre a multid\u00e3o matando 4 pessoas. Era um&nbsp;<em>modus operan<\/em><\/p>\n\n\n\n<p>Uma pe\u00e7a de teatro po\u00e9tica e documental sobre um tempo em que os jovens se envolviam numa luta corpo a corpo contra um regime ditatorial.<\/p>\n\n\n\n<p>Li\u00e7\u00f5es do passado para melhor compreendermos o presente e construirmos futuros \u2013 sem ditadura, sem censura, sem fascismo.<\/p>\n\n\n\n<hr class=\"wp-block-separator has-alpha-channel-opacity\"\/>\n\n\n\n<p class=\"has-text-align-center has-small-font-size\"><strong>Viana do Castelo<\/strong>:&nbsp;<a rel=\"noreferrer noopener\" href=\"https:\/\/us1.mailchimp.com\/mctx\/clicks?url=https%3A%2F%2Fwww.bol.pt%2FComprar%2FBilhetes%2F131431-naquele_dia_nao_passou_na_televisao_festival_de_teatro_de_viana_do-teatro_mun_sa_miranda%2F&amp;xid=9068f8e362&amp;uid=3462741&amp;iid=efe9777745&amp;pool=cts&amp;v=2&amp;c=1699271882&amp;h=a002e36b443698d0d1795ab16bd837e5d101b0e1c010cc569b8d32cf3a6a447b\" target=\"_blank\">bilhetes aqui<\/a>&nbsp;|&nbsp;<a rel=\"noreferrer noopener\" href=\"https:\/\/us1.mailchimp.com\/mctx\/clicks?url=https%3A%2F%2Ftmsm.pt%2Fprogramacao%2F7o-festival-de-teatro-de-viana-do-castelo%2F%231696331177541-6b79dc63-eb19&amp;xid=9068f8e362&amp;uid=3462741&amp;iid=efe9777745&amp;pool=cts&amp;v=2&amp;c=1699271882&amp;h=d5e88ff150ebb29971485eacb37baea9b30be35b4e0cbf463a15919f2eecb4aa\" target=\"_blank\">mais informa\u00e7\u00e3o aqui<\/a><br><strong>Vidigueira:&nbsp;<\/strong>entrada livre por ordem de chegada | mais informa\u00e7\u00e3o em comunicacao@alaide<br><strong>Faro:&nbsp;<\/strong>bilhetes a anunciar |&nbsp;<a rel=\"noreferrer noopener\" href=\"https:\/\/us1.mailchimp.com\/mctx\/clicks?url=https%3A%2F%2Fwww.teatrodasfiguras.pt%2Fpt%2Fagenda%2F68433%2Fnaquele-dia-nao-passou-na-televisao.aspx&amp;xid=9068f8e362&amp;uid=3462741&amp;iid=efe9777745&amp;pool=cts&amp;v=2&amp;c=1699271882&amp;h=d5221df23aed93e7b75174f2b0fc661aa433590af958660ea9f2013a8688f8ce\" target=\"_blank\">mais informa\u00e7\u00e3o aqui<\/a><strong><br>Sever do Vouga:&nbsp;<\/strong>bilhetes a anunciar |&nbsp;<a rel=\"noreferrer noopener\" href=\"https:\/\/us1.mailchimp.com\/mctx\/clicks?url=https%3A%2F%2Fwww.facebook.com%2Fp%2FCAE-Centro-das-Artes-e-do-Espet%25C3%25A1culo-de-Sever-do-Vouga-100091727829006%2F%3Fpaipv%3D0%26eav%3DAfYnozQuz0dDmCQVWhWkg2h70Zqwe0_N2SrDgeVw62fm4jpz0G8JMgkbVa8psXnUX5g%26_rdr&amp;xid=9068f8e362&amp;uid=3462741&amp;iid=efe9777745&amp;pool=cts&amp;v=2&amp;c=1699271882&amp;h=5f5ec21dbe19e1c5c327979e62455ecd34be68c4ab93005274e20edca9b60579\" target=\"_blank\">mais informa\u00e7\u00e3o aqui<\/a><\/p>\n\n\n\n<hr class=\"wp-block-separator has-alpha-channel-opacity\"\/>\n\n\n\n<p class=\"has-text-color has-background\" style=\"color:#2c2c2c;background-color:#ffd900;font-size:12px\"><strong>Investiga\u00e7\u00e3o, Texto, Direc\u00e7\u00e3o<\/strong> Joana Craveiro <strong>Co-cria\u00e7\u00e3o e Interpreta\u00e7\u00e3o<\/strong> Est\u00eav\u00e3o Antunes, Francisco Madureira, In\u00eas Rosado, T\u00e2nia Guerreiro, Toz\u00e9 Cunha <strong>Espa\u00e7o Sonoro<\/strong> Francisco Madureira <strong>Cenografia<\/strong> Carla Mart\u00ednez <strong>Figurinos<\/strong> T\u00e2nia Guerreiro <strong>V\u00eddeo (co-cria\u00e7\u00e3o, montagem e opera\u00e7\u00e3o)<\/strong> Jos\u00e9 Torrado <strong>Ilumina\u00e7\u00e3o<\/strong> Joana Craveiro, com a colabora\u00e7\u00e3o de Jo\u00e3o Cachulo <strong>Apoio T\u00e9cnico<\/strong> Jo\u00e3o Cachulo, S\u00e9rgio Milhano <strong>Direc\u00e7\u00e3o de Produ\u00e7\u00e3o<\/strong> Ala\u00edde Costa <strong>Assist\u00eancia de Produ\u00e7\u00e3o<\/strong> Rita Conde <br><br><strong>Apoio<\/strong> FX RoadLights <br><strong>Co-produ\u00e7\u00e3o<\/strong> Museu do Aljube, Resist\u00eancia e Liberdade, Teatro das Figuras e Teatro do Vestido<\/p>\n\n\n\n<hr class=\"wp-block-separator has-alpha-channel-opacity is-style-dots\"\/>\n\n\n\n<figure class=\"wp-block-image size-large\"><a href=\"http:\/\/teatrodovestido.org\/blog\/wp-content\/uploads\/2023\/11\/banner_newsletter-03.jpg\"><img loading=\"lazy\" decoding=\"async\" width=\"1024\" height=\"196\" src=\"http:\/\/teatrodovestido.org\/blog\/wp-content\/uploads\/2023\/11\/banner_newsletter-03-1024x196.jpg\" alt=\"\" class=\"wp-image-10636\" srcset=\"http:\/\/teatrodovestido.org\/blog\/wp-content\/uploads\/2023\/11\/banner_newsletter-03-1024x196.jpg 1024w, http:\/\/teatrodovestido.org\/blog\/wp-content\/uploads\/2023\/11\/banner_newsletter-03-300x57.jpg 300w, http:\/\/teatrodovestido.org\/blog\/wp-content\/uploads\/2023\/11\/banner_newsletter-03-768x147.jpg 768w, http:\/\/teatrodovestido.org\/blog\/wp-content\/uploads\/2023\/11\/banner_newsletter-03-1536x294.jpg 1536w, http:\/\/teatrodovestido.org\/blog\/wp-content\/uploads\/2023\/11\/banner_newsletter-03-2048x392.jpg 2048w, http:\/\/teatrodovestido.org\/blog\/wp-content\/uploads\/2023\/11\/banner_newsletter-03-500x96.jpg 500w\" sizes=\"(max-width: 1024px) 100vw, 1024px\" \/><\/a><\/figure>\n\n\n\n<figure class=\"wp-block-image size-large\"><a href=\"http:\/\/teatrodovestido.org\/blog\/wp-content\/uploads\/2023\/11\/Captura-de-ecra-2023-11-14-as-11.24.38.png\"><img loading=\"lazy\" decoding=\"async\" width=\"1024\" height=\"104\" src=\"http:\/\/teatrodovestido.org\/blog\/wp-content\/uploads\/2023\/11\/Captura-de-ecra-2023-11-14-as-11.24.38-1024x104.png\" alt=\"\" class=\"wp-image-10640\" srcset=\"http:\/\/teatrodovestido.org\/blog\/wp-content\/uploads\/2023\/11\/Captura-de-ecra-2023-11-14-as-11.24.38-1024x104.png 1024w, http:\/\/teatrodovestido.org\/blog\/wp-content\/uploads\/2023\/11\/Captura-de-ecra-2023-11-14-as-11.24.38-300x31.png 300w, http:\/\/teatrodovestido.org\/blog\/wp-content\/uploads\/2023\/11\/Captura-de-ecra-2023-11-14-as-11.24.38-768x78.png 768w, http:\/\/teatrodovestido.org\/blog\/wp-content\/uploads\/2023\/11\/Captura-de-ecra-2023-11-14-as-11.24.38-1536x156.png 1536w, http:\/\/teatrodovestido.org\/blog\/wp-content\/uploads\/2023\/11\/Captura-de-ecra-2023-11-14-as-11.24.38-500x51.png 500w, http:\/\/teatrodovestido.org\/blog\/wp-content\/uploads\/2023\/11\/Captura-de-ecra-2023-11-14-as-11.24.38.png 1690w\" sizes=\"(max-width: 1024px) 100vw, 1024px\" \/><\/a><\/figure>\n\n\n\n<hr class=\"wp-block-separator has-alpha-channel-opacity is-style-dots\"\/>\n\n\n\n<p class=\"has-text-align-center has-small-font-size\">O TEATRO DO VESTIDO TEM O APOIO DE<\/p>\n\n\n\n<figure class=\"wp-block-image size-large\"><a href=\"http:\/\/teatrodovestido.org\/blog\/wp-content\/uploads\/2023\/10\/dgartes_republica_iefp_atualizado.jpg\"><img loading=\"lazy\" decoding=\"async\" width=\"1024\" height=\"159\" src=\"http:\/\/teatrodovestido.org\/blog\/wp-content\/uploads\/2023\/10\/dgartes_republica_iefp_atualizado-1024x159.jpg\" alt=\"\" class=\"wp-image-10626\" srcset=\"http:\/\/teatrodovestido.org\/blog\/wp-content\/uploads\/2023\/10\/dgartes_republica_iefp_atualizado-1024x159.jpg 1024w, http:\/\/teatrodovestido.org\/blog\/wp-content\/uploads\/2023\/10\/dgartes_republica_iefp_atualizado-300x47.jpg 300w, http:\/\/teatrodovestido.org\/blog\/wp-content\/uploads\/2023\/10\/dgartes_republica_iefp_atualizado-768x119.jpg 768w, http:\/\/teatrodovestido.org\/blog\/wp-content\/uploads\/2023\/10\/dgartes_republica_iefp_atualizado-500x78.jpg 500w, http:\/\/teatrodovestido.org\/blog\/wp-content\/uploads\/2023\/10\/dgartes_republica_iefp_atualizado.jpg 1184w\" sizes=\"(max-width: 1024px) 100vw, 1024px\" \/><\/a><\/figure>\n","protected":false},"excerpt":{"rendered":"<p>Em&nbsp;Naquele dia, n\u00e3o passou na televis\u00e3o,&nbsp;o Teatro do Vestido parte de testemunhos e documentos para relatar a forma como a morte do estudante&nbsp;Jos\u00e9 Ant\u00f3nio Ribeiro dos Santos, assassinado por um agente da PIDE-DGS, foi divulgada, quer pelos seus amigos, apoiantes &hellip; <a href=\"http:\/\/teatrodovestido.org\/blog\/?p=10642\">Continue reading <span class=\"meta-nav\">&rarr;<\/span><\/a><\/p>\n","protected":false},"author":1,"featured_media":0,"comment_status":"closed","ping_status":"closed","sticky":false,"template":"","format":"standard","meta":{"footnotes":""},"categories":[1],"tags":[],"class_list":["post-10642","post","type-post","status-publish","format-standard","hentry","category-tdv"],"_links":{"self":[{"href":"http:\/\/teatrodovestido.org\/blog\/index.php?rest_route=\/wp\/v2\/posts\/10642"}],"collection":[{"href":"http:\/\/teatrodovestido.org\/blog\/index.php?rest_route=\/wp\/v2\/posts"}],"about":[{"href":"http:\/\/teatrodovestido.org\/blog\/index.php?rest_route=\/wp\/v2\/types\/post"}],"author":[{"embeddable":true,"href":"http:\/\/teatrodovestido.org\/blog\/index.php?rest_route=\/wp\/v2\/users\/1"}],"replies":[{"embeddable":true,"href":"http:\/\/teatrodovestido.org\/blog\/index.php?rest_route=%2Fwp%2Fv2%2Fcomments&post=10642"}],"version-history":[{"count":2,"href":"http:\/\/teatrodovestido.org\/blog\/index.php?rest_route=\/wp\/v2\/posts\/10642\/revisions"}],"predecessor-version":[{"id":10645,"href":"http:\/\/teatrodovestido.org\/blog\/index.php?rest_route=\/wp\/v2\/posts\/10642\/revisions\/10645"}],"wp:attachment":[{"href":"http:\/\/teatrodovestido.org\/blog\/index.php?rest_route=%2Fwp%2Fv2%2Fmedia&parent=10642"}],"wp:term":[{"taxonomy":"category","embeddable":true,"href":"http:\/\/teatrodovestido.org\/blog\/index.php?rest_route=%2Fwp%2Fv2%2Fcategories&post=10642"},{"taxonomy":"post_tag","embeddable":true,"href":"http:\/\/teatrodovestido.org\/blog\/index.php?rest_route=%2Fwp%2Fv2%2Ftags&post=10642"}],"curies":[{"name":"wp","href":"https:\/\/api.w.org\/{rel}","templated":true}]}}