{"id":10638,"date":"2023-11-14T11:27:29","date_gmt":"2023-11-14T11:27:29","guid":{"rendered":"https:\/\/teatrodovestido.org\/blog\/?p=10638"},"modified":"2023-11-14T11:28:13","modified_gmt":"2023-11-14T11:28:13","slug":"desver-uma-breve-performance-sobre-um-pais-ocupado-por-outo","status":"publish","type":"post","link":"http:\/\/teatrodovestido.org\/blog\/?p=10638","title":{"rendered":"DESVER, uma breve performance sobre um pa\u00eds ocupado por outro"},"content":{"rendered":"\n<figure class=\"wp-block-image size-full\"><a href=\"https:\/\/teatrodovestido.org\/blog\/wp-content\/uploads\/2023\/11\/cartaz_desver_barreiro_compressed2.jpg\"><img loading=\"lazy\" decoding=\"async\" width=\"719\" height=\"899\" src=\"https:\/\/teatrodovestido.org\/blog\/wp-content\/uploads\/2023\/11\/cartaz_desver_barreiro_compressed2.jpg\" alt=\"\" class=\"wp-image-10639\" srcset=\"http:\/\/teatrodovestido.org\/blog\/wp-content\/uploads\/2023\/11\/cartaz_desver_barreiro_compressed2.jpg 719w, http:\/\/teatrodovestido.org\/blog\/wp-content\/uploads\/2023\/11\/cartaz_desver_barreiro_compressed2-240x300.jpg 240w, http:\/\/teatrodovestido.org\/blog\/wp-content\/uploads\/2023\/11\/cartaz_desver_barreiro_compressed2-400x500.jpg 400w\" sizes=\"(max-width: 719px) 100vw, 719px\" \/><\/a><\/figure>\n\n\n\n<p class=\"has-text-align-right\">Desver<br>uma breve performance sobre um pa\u00eds<br>ocupado por outro.<\/p>\n\n\n\n<p class=\"has-text-align-right\"><em>you cannot under once you have seen<\/em><br>Aja Monet<\/p>\n\n\n\n<p>foi uma viagem.<br>o avi\u00e3o n\u00e3o parou no aeroporto daquele pa\u00eds, foi noutro.<br>aquele pa\u00eds n\u00e3o vinha no mapa.<br>mas, se pass\u00e1ssemos por checkpoints e muros e outras fronteiras,<br>cheg\u00e1vamos l\u00e1.<br>a uma parte de um pa\u00eds que tinha sido inteiro em tempos.<br>ele disse, escrevam tudo j\u00e1, n\u00e3o esperem<br>escrevam enquanto ainda est\u00e1 quente.<\/p>\n\n\n\n<p>e eu escrevi.<\/p>\n\n\n\n<p>Joana Craveiro\/<br>Teatro do Vestido<\/p>\n\n\n\n<hr class=\"wp-block-separator has-alpha-channel-opacity is-style-dots\"\/>\n\n\n\n<p class=\"has-text-align-center has-medium-font-size\"><strong>18 de Novembro (S\u00e1bado) \u00e0s 21h30<\/strong><br>Audit\u00f3rio Manuel Cabanas na Biblioteca Municipal do Barreiro<\/p>\n\n\n\n<p class=\"has-text-align-center\">Informa\u00e7\u00f5es: assistencia@teatrodovestido.pt<\/p>\n\n\n\n<p class=\"has-text-align-center\">Lota\u00e7\u00e3o 80 lugares &#8211; sem reservas\/ por ordem de chegada, a partir das 21h<br>Entrada livre<\/p>\n\n\n\n<hr class=\"wp-block-separator has-alpha-channel-opacity is-style-dots\"\/>\n\n\n\n<figure class=\"wp-block-image size-large\"><a href=\"http:\/\/teatrodovestido.org\/blog\/wp-content\/uploads\/2023\/11\/banner_newsletter-03.jpg\"><img loading=\"lazy\" decoding=\"async\" width=\"1024\" height=\"196\" src=\"http:\/\/teatrodovestido.org\/blog\/wp-content\/uploads\/2023\/11\/banner_newsletter-03-1024x196.jpg\" alt=\"\" class=\"wp-image-10636\" srcset=\"http:\/\/teatrodovestido.org\/blog\/wp-content\/uploads\/2023\/11\/banner_newsletter-03-1024x196.jpg 1024w, http:\/\/teatrodovestido.org\/blog\/wp-content\/uploads\/2023\/11\/banner_newsletter-03-300x57.jpg 300w, http:\/\/teatrodovestido.org\/blog\/wp-content\/uploads\/2023\/11\/banner_newsletter-03-768x147.jpg 768w, http:\/\/teatrodovestido.org\/blog\/wp-content\/uploads\/2023\/11\/banner_newsletter-03-1536x294.jpg 1536w, http:\/\/teatrodovestido.org\/blog\/wp-content\/uploads\/2023\/11\/banner_newsletter-03-2048x392.jpg 2048w, http:\/\/teatrodovestido.org\/blog\/wp-content\/uploads\/2023\/11\/banner_newsletter-03-500x96.jpg 500w\" sizes=\"(max-width: 1024px) 100vw, 1024px\" \/><\/a><\/figure>\n\n\n\n<figure class=\"wp-block-image size-large\"><a href=\"https:\/\/teatrodovestido.org\/blog\/wp-content\/uploads\/2023\/11\/Captura-de-ecra-2023-11-14-as-11.24.38.png\"><img loading=\"lazy\" decoding=\"async\" width=\"1024\" height=\"104\" src=\"https:\/\/teatrodovestido.org\/blog\/wp-content\/uploads\/2023\/11\/Captura-de-ecra-2023-11-14-as-11.24.38-1024x104.png\" alt=\"\" class=\"wp-image-10640\" srcset=\"http:\/\/teatrodovestido.org\/blog\/wp-content\/uploads\/2023\/11\/Captura-de-ecra-2023-11-14-as-11.24.38-1024x104.png 1024w, http:\/\/teatrodovestido.org\/blog\/wp-content\/uploads\/2023\/11\/Captura-de-ecra-2023-11-14-as-11.24.38-300x31.png 300w, http:\/\/teatrodovestido.org\/blog\/wp-content\/uploads\/2023\/11\/Captura-de-ecra-2023-11-14-as-11.24.38-768x78.png 768w, http:\/\/teatrodovestido.org\/blog\/wp-content\/uploads\/2023\/11\/Captura-de-ecra-2023-11-14-as-11.24.38-1536x156.png 1536w, http:\/\/teatrodovestido.org\/blog\/wp-content\/uploads\/2023\/11\/Captura-de-ecra-2023-11-14-as-11.24.38-500x51.png 500w, http:\/\/teatrodovestido.org\/blog\/wp-content\/uploads\/2023\/11\/Captura-de-ecra-2023-11-14-as-11.24.38.png 1690w\" sizes=\"(max-width: 1024px) 100vw, 1024px\" \/><\/a><\/figure>\n\n\n\n<hr class=\"wp-block-separator has-alpha-channel-opacity is-style-dots\"\/>\n\n\n\n<p class=\"has-text-align-center has-small-font-size\">O TEATRO DO VESTIDO TEM O APOIO DE<\/p>\n\n\n\n<figure class=\"wp-block-image size-large\"><a href=\"http:\/\/teatrodovestido.org\/blog\/wp-content\/uploads\/2023\/10\/dgartes_republica_iefp_atualizado.jpg\"><img loading=\"lazy\" decoding=\"async\" width=\"1024\" height=\"159\" src=\"http:\/\/teatrodovestido.org\/blog\/wp-content\/uploads\/2023\/10\/dgartes_republica_iefp_atualizado-1024x159.jpg\" alt=\"\" class=\"wp-image-10626\" srcset=\"http:\/\/teatrodovestido.org\/blog\/wp-content\/uploads\/2023\/10\/dgartes_republica_iefp_atualizado-1024x159.jpg 1024w, http:\/\/teatrodovestido.org\/blog\/wp-content\/uploads\/2023\/10\/dgartes_republica_iefp_atualizado-300x47.jpg 300w, http:\/\/teatrodovestido.org\/blog\/wp-content\/uploads\/2023\/10\/dgartes_republica_iefp_atualizado-768x119.jpg 768w, http:\/\/teatrodovestido.org\/blog\/wp-content\/uploads\/2023\/10\/dgartes_republica_iefp_atualizado-500x78.jpg 500w, http:\/\/teatrodovestido.org\/blog\/wp-content\/uploads\/2023\/10\/dgartes_republica_iefp_atualizado.jpg 1184w\" sizes=\"(max-width: 1024px) 100vw, 1024px\" \/><\/a><\/figure>\n","protected":false},"excerpt":{"rendered":"<p>Desveruma breve performance sobre um pa\u00edsocupado por outro. you cannot under once you have seenAja Monet foi uma viagem.o avi\u00e3o n\u00e3o parou no aeroporto daquele pa\u00eds, foi noutro.aquele pa\u00eds n\u00e3o vinha no mapa.mas, se pass\u00e1ssemos por checkpoints e muros e &hellip; <a href=\"http:\/\/teatrodovestido.org\/blog\/?p=10638\">Continue reading <span class=\"meta-nav\">&rarr;<\/span><\/a><\/p>\n","protected":false},"author":1,"featured_media":0,"comment_status":"closed","ping_status":"closed","sticky":false,"template":"","format":"standard","meta":{"footnotes":""},"categories":[1],"tags":[],"class_list":["post-10638","post","type-post","status-publish","format-standard","hentry","category-tdv"],"_links":{"self":[{"href":"http:\/\/teatrodovestido.org\/blog\/index.php?rest_route=\/wp\/v2\/posts\/10638"}],"collection":[{"href":"http:\/\/teatrodovestido.org\/blog\/index.php?rest_route=\/wp\/v2\/posts"}],"about":[{"href":"http:\/\/teatrodovestido.org\/blog\/index.php?rest_route=\/wp\/v2\/types\/post"}],"author":[{"embeddable":true,"href":"http:\/\/teatrodovestido.org\/blog\/index.php?rest_route=\/wp\/v2\/users\/1"}],"replies":[{"embeddable":true,"href":"http:\/\/teatrodovestido.org\/blog\/index.php?rest_route=%2Fwp%2Fv2%2Fcomments&post=10638"}],"version-history":[{"count":1,"href":"http:\/\/teatrodovestido.org\/blog\/index.php?rest_route=\/wp\/v2\/posts\/10638\/revisions"}],"predecessor-version":[{"id":10641,"href":"http:\/\/teatrodovestido.org\/blog\/index.php?rest_route=\/wp\/v2\/posts\/10638\/revisions\/10641"}],"wp:attachment":[{"href":"http:\/\/teatrodovestido.org\/blog\/index.php?rest_route=%2Fwp%2Fv2%2Fmedia&parent=10638"}],"wp:term":[{"taxonomy":"category","embeddable":true,"href":"http:\/\/teatrodovestido.org\/blog\/index.php?rest_route=%2Fwp%2Fv2%2Fcategories&post=10638"},{"taxonomy":"post_tag","embeddable":true,"href":"http:\/\/teatrodovestido.org\/blog\/index.php?rest_route=%2Fwp%2Fv2%2Ftags&post=10638"}],"curies":[{"name":"wp","href":"https:\/\/api.w.org\/{rel}","templated":true}]}}