{"id":10567,"date":"2023-04-14T23:51:54","date_gmt":"2023-04-14T22:51:54","guid":{"rendered":"http:\/\/teatrodovestido.org\/blog\/?p=10567"},"modified":"2023-04-14T23:52:05","modified_gmt":"2023-04-14T22:52:05","slug":"teatro-do-vestido-celebra-abril","status":"publish","type":"post","link":"http:\/\/teatrodovestido.org\/blog\/?p=10567","title":{"rendered":"Teatro do Vestido celebra Abril"},"content":{"rendered":"\n<figure class=\"wp-block-image size-full\"><a href=\"http:\/\/teatrodovestido.org\/blog\/wp-content\/uploads\/2023\/04\/WhatsApp-Image-2023-04-14-at-20.28.42-1.jpeg\"><img loading=\"lazy\" decoding=\"async\" width=\"506\" height=\"724\" src=\"http:\/\/teatrodovestido.org\/blog\/wp-content\/uploads\/2023\/04\/WhatsApp-Image-2023-04-14-at-20.28.42-1.jpeg\" alt=\"\" class=\"wp-image-10569\" srcset=\"http:\/\/teatrodovestido.org\/blog\/wp-content\/uploads\/2023\/04\/WhatsApp-Image-2023-04-14-at-20.28.42-1.jpeg 506w, http:\/\/teatrodovestido.org\/blog\/wp-content\/uploads\/2023\/04\/WhatsApp-Image-2023-04-14-at-20.28.42-1-210x300.jpeg 210w, http:\/\/teatrodovestido.org\/blog\/wp-content\/uploads\/2023\/04\/WhatsApp-Image-2023-04-14-at-20.28.42-1-349x500.jpeg 349w\" sizes=\"(max-width: 506px) 100vw, 506px\" \/><\/a><figcaption class=\"wp-element-caption\"><code><kbd><mark style=\"background-color:#ffffff\" class=\"has-inline-color\"><em>\"Mas o que est\u00e1 a acontecer em Portugal agora n\u00e3o \u00e9 um caos<\/em>;<br><em>\u00e9 uma revolu\u00e7\u00e3o e as revolu\u00e7\u00f5es t\u00eam as suas pr\u00f3prias leis.\"<\/em><br>(Alan Snitow, em comunicado para a r\u00e1dio KPFA, 1975)<\/mark><\/kbd><\/code><\/figcaption><\/figure>\n\n\n\n<p>O processo revolucion\u00e1rio que se seguiu ao dia 25 de Abril de 1974 atraiu a aten\u00e7\u00e3o de activistas, militantes pol\u00edticos e, no geral, revolucion\u00e1rios e curiosos de diversas partes do mundo. Este processo foi ainda acompanhado por uma s\u00e9rie de documentaristas estrangeiros, jornalistas e artistas, que registaram o processo na sua rica diversidade. Temos hoje objectos documentais que nos d\u00e3o conta disso mesmo como \u201cTorre Bela\u201d de Thomas Harlan, \u201cScenes from the Class Struggle in Portugal\u201d de Robert Kramer e Philip Spinelli, as interven\u00e7\u00f5es de Glauber Rocha em \u201cAs Armas e o Povo\u201d (um filme do Colectivo de Trabalhadores da Actividade Cinematogr\u00e1fica), entre muitos outros. Parte deste acervo est\u00e1 documentado de forma magistral por S\u00e9rgio Tr\u00e9faut em \u201cOutro Pa\u00eds.\u201d<\/p>\n\n\n\n<p>Como parte da pesquisa incessante do Teatro do Vestido em torno desta mem\u00f3ria hist\u00f3rica, e com especial incid\u00eancia sobre o processo revolucion\u00e1rio portugu\u00eas, Joana Craveiro tem vindo a recolher testemunhos, hist\u00f3rias, objectos, que nos d\u00e3o conta dessa presen\u00e7a estrangeira, apaixonada por esta \u2018revolu\u00e7\u00e3o ao fundo da rua,\u2019 ou &#8216;a Cuba da Europa&#8230;&#8217;\u00a0<em>Revolution Junkies<\/em>\u00a0parte de algumas dessas hist\u00f3rias de vida e coloca-as a habitar a exposi\u00e7\u00e3o\u00a0<em>Quase 50 anos<\/em>, junto a artefactos da mem\u00f3ria da ditadura e da revolu\u00e7\u00e3o portuguesas. Um espect\u00e1culo \u00fanico, constru\u00eddo para habitar a Biblioteca de Marvila.<\/p>\n\n\n\n<figure class=\"wp-block-image size-full\"><a href=\"http:\/\/teatrodovestido.org\/blog\/wp-content\/uploads\/2023\/04\/Captura-de-ecra-2023-04-14-as-23.41.50.png\"><img loading=\"lazy\" decoding=\"async\" width=\"839\" height=\"234\" src=\"http:\/\/teatrodovestido.org\/blog\/wp-content\/uploads\/2023\/04\/Captura-de-ecra-2023-04-14-as-23.41.50.png\" alt=\"\" class=\"wp-image-10570\" srcset=\"http:\/\/teatrodovestido.org\/blog\/wp-content\/uploads\/2023\/04\/Captura-de-ecra-2023-04-14-as-23.41.50.png 839w, http:\/\/teatrodovestido.org\/blog\/wp-content\/uploads\/2023\/04\/Captura-de-ecra-2023-04-14-as-23.41.50-300x84.png 300w, http:\/\/teatrodovestido.org\/blog\/wp-content\/uploads\/2023\/04\/Captura-de-ecra-2023-04-14-as-23.41.50-768x214.png 768w, http:\/\/teatrodovestido.org\/blog\/wp-content\/uploads\/2023\/04\/Captura-de-ecra-2023-04-14-as-23.41.50-500x139.png 500w\" sizes=\"(max-width: 839px) 100vw, 839px\" \/><\/a><\/figure>\n\n\n\n<figure class=\"wp-block-image size-full\"><a href=\"http:\/\/teatrodovestido.org\/blog\/wp-content\/uploads\/2023\/04\/Captura-de-ecra-2023-04-14-as-23.43.23.png\"><img loading=\"lazy\" decoding=\"async\" width=\"623\" height=\"616\" src=\"http:\/\/teatrodovestido.org\/blog\/wp-content\/uploads\/2023\/04\/Captura-de-ecra-2023-04-14-as-23.43.23.png\" alt=\"\" class=\"wp-image-10571\" srcset=\"http:\/\/teatrodovestido.org\/blog\/wp-content\/uploads\/2023\/04\/Captura-de-ecra-2023-04-14-as-23.43.23.png 623w, http:\/\/teatrodovestido.org\/blog\/wp-content\/uploads\/2023\/04\/Captura-de-ecra-2023-04-14-as-23.43.23-300x297.png 300w, http:\/\/teatrodovestido.org\/blog\/wp-content\/uploads\/2023\/04\/Captura-de-ecra-2023-04-14-as-23.43.23-500x494.png 500w\" sizes=\"(max-width: 623px) 100vw, 623px\" \/><\/a><figcaption class=\"wp-element-caption\"><strong>Inaugura\u00e7\u00e3o 21 Abril | 19h00<br>patente at\u00e9 26 Abril<\/strong><br><strong>Biblioteca de Marvila &#8211; Lisboa<\/strong><br><strong>Entrada Livre<\/strong><\/figcaption><\/figure>\n\n\n\n<p>Partindo de um acervo documental acumulado com o labor de aut\u00eanticos arquivistas da mem\u00f3ria, esta exposi\u00e7\u00e3o mostrar\u00e1 ao p\u00fablico narrativas\/objectos\/artefactos \u201cpequenos e esquecidos\u201d da ditadura portuguesa e 1926-74, do 25 de Abril de 1974 e do processo revolucion\u00e1rio que se lhe seguiu.<\/p>\n\n\n\n<p>Combinado com o espect\u00e1culo em estreia absoluta\u00a0<em>Revolution Junkies<\/em>, o Teatro do Vestido celebra assim mais um ano de Abril, resgatando mem\u00f3rias de pessoas comuns que viveram estes processos hist\u00f3ricos, mas cuja experi\u00eancia n\u00e3o fica inscrita nos manuais. Trata-se de uma mem\u00f3ria viva, que passados quase 50 anos, tamb\u00e9m pode ser contada assim: combinando a poesia de uma mem\u00f3ria material e imaterial, em camadas de sentidos que lan\u00e7am luz sobre anos quentes e densos.<\/p>\n\n\n\n<p class=\"has-text-align-right has-medium-font-size\"><em>oh, como n\u00f3s am\u00e1mos a nossa revolu\u00e7\u00e3o,<br>ouve-se, num coro improv\u00e1vel de vozes resgatadas a esse passado.<br>\u00e9ramos n\u00f3s, \u00e9ramos mesmo n\u00f3s, numa fotografia de h\u00e1 50 anos,<br>\u00a0antes de termos nascido.<br>\u00a0Joana Craveiro<\/em><\/p>\n","protected":false},"excerpt":{"rendered":"<p>O processo revolucion\u00e1rio que se seguiu ao dia 25 de Abril de 1974 atraiu a aten\u00e7\u00e3o de activistas, militantes pol\u00edticos e, no geral, revolucion\u00e1rios e curiosos de diversas partes do mundo. Este processo foi ainda acompanhado por uma s\u00e9rie de &hellip; <a href=\"http:\/\/teatrodovestido.org\/blog\/?p=10567\">Continue reading <span class=\"meta-nav\">&rarr;<\/span><\/a><\/p>\n","protected":false},"author":1,"featured_media":0,"comment_status":"closed","ping_status":"closed","sticky":false,"template":"","format":"standard","meta":{"footnotes":""},"categories":[1],"tags":[],"class_list":["post-10567","post","type-post","status-publish","format-standard","hentry","category-tdv"],"_links":{"self":[{"href":"http:\/\/teatrodovestido.org\/blog\/index.php?rest_route=\/wp\/v2\/posts\/10567"}],"collection":[{"href":"http:\/\/teatrodovestido.org\/blog\/index.php?rest_route=\/wp\/v2\/posts"}],"about":[{"href":"http:\/\/teatrodovestido.org\/blog\/index.php?rest_route=\/wp\/v2\/types\/post"}],"author":[{"embeddable":true,"href":"http:\/\/teatrodovestido.org\/blog\/index.php?rest_route=\/wp\/v2\/users\/1"}],"replies":[{"embeddable":true,"href":"http:\/\/teatrodovestido.org\/blog\/index.php?rest_route=%2Fwp%2Fv2%2Fcomments&post=10567"}],"version-history":[{"count":1,"href":"http:\/\/teatrodovestido.org\/blog\/index.php?rest_route=\/wp\/v2\/posts\/10567\/revisions"}],"predecessor-version":[{"id":10572,"href":"http:\/\/teatrodovestido.org\/blog\/index.php?rest_route=\/wp\/v2\/posts\/10567\/revisions\/10572"}],"wp:attachment":[{"href":"http:\/\/teatrodovestido.org\/blog\/index.php?rest_route=%2Fwp%2Fv2%2Fmedia&parent=10567"}],"wp:term":[{"taxonomy":"category","embeddable":true,"href":"http:\/\/teatrodovestido.org\/blog\/index.php?rest_route=%2Fwp%2Fv2%2Fcategories&post=10567"},{"taxonomy":"post_tag","embeddable":true,"href":"http:\/\/teatrodovestido.org\/blog\/index.php?rest_route=%2Fwp%2Fv2%2Ftags&post=10567"}],"curies":[{"name":"wp","href":"https:\/\/api.w.org\/{rel}","templated":true}]}}