{"id":10558,"date":"2023-03-28T16:00:00","date_gmt":"2023-03-28T15:00:00","guid":{"rendered":"http:\/\/teatrodovestido.org\/blog\/?p=10558"},"modified":"2023-03-28T16:40:41","modified_gmt":"2023-03-28T15:40:41","slug":"elas-tambem-estiveram-la-na-fundacao-jose-saramago","status":"publish","type":"post","link":"http:\/\/teatrodovestido.org\/blog\/?p=10558","title":{"rendered":"Elas tamb\u00e9m estiveram l\u00e1, na Funda\u00e7\u00e3o Jos\u00e9 Saramago"},"content":{"rendered":"\n<figure class=\"wp-block-image size-full is-resized\"><a href=\"http:\/\/teatrodovestido.org\/blog\/wp-content\/uploads\/2023\/03\/imagem_1_ELAS_180422_FBTDV.jpeg\"><img loading=\"lazy\" decoding=\"async\" src=\"http:\/\/teatrodovestido.org\/blog\/wp-content\/uploads\/2023\/03\/imagem_1_ELAS_180422_FBTDV.jpeg\" alt=\"\" class=\"wp-image-10559\" width=\"838\" height=\"470\" srcset=\"http:\/\/teatrodovestido.org\/blog\/wp-content\/uploads\/2023\/03\/imagem_1_ELAS_180422_FBTDV.jpeg 720w, http:\/\/teatrodovestido.org\/blog\/wp-content\/uploads\/2023\/03\/imagem_1_ELAS_180422_FBTDV-300x168.jpeg 300w, http:\/\/teatrodovestido.org\/blog\/wp-content\/uploads\/2023\/03\/imagem_1_ELAS_180422_FBTDV-500x281.jpeg 500w\" sizes=\"(max-width: 838px) 100vw, 838px\" \/><\/a><\/figure>\n\n\n\n<p class=\"has-text-align-right\"><strong>29.03.2023 | 18h30<\/strong><br><strong>Funda\u00e7\u00e3o Jos\u00e9 Saramago<\/strong><br>Casa dos Bicos, Rua dos Bacalhoeiros 10 <\/p>\n\n\n\n<p class=\"has-text-align-right\"><strong>Entrada livre (sujeita \u00e0 lota\u00e7\u00e3o da sala)<\/strong><br>https:\/\/www.josesaramago.org\/programacao\/filme-elas-tambem-estiveram-la-de-joana-craveiro\/<\/p>\n\n\n\n<p><\/p>\n\n\n\n<p>No \u00e2mbito da programa\u00e7\u00e3o da Funda\u00e7\u00e3o Jos\u00e9 Saramago, dedicada ao Dia Internacional das Mulheres, ser\u00e1 exibido o filme <strong><em>Elas tamb\u00e9m estiveram l\u00e1<\/em><\/strong>, que contar\u00e1 com a presen\u00e7a da realizadora Joana Craveiro.<\/p>\n\n\n\n<p>Estreado em Novembro de 2021, o filme foi galardoado com o Pr\u00e9mio Especial do J\u00fari do&nbsp;<em>Festival Olhares do Mediterr\u00e2neo<\/em>&nbsp;\u201c<em>p<\/em>ela imensa criatividade, mistura de formatos, do teatro \u00e0 reportagem, filme de arquivo e linha pedag\u00f3gica e&nbsp;uma rara erudi\u00e7\u00e3o de Cinema, a fazer evocar as&nbsp;<em>Histoires du Cin\u00e9ma<\/em>&nbsp;de Godard, bem como a expl\u00edcita cita\u00e7\u00e3o de filmes portugueses. Mostra trabalho, ideias de cinema, intelig\u00eancia e humor.\u201d<\/p>\n\n\n\n<p>Um document\u00e1rio po\u00e9tico sobre a invisibilidade das mulheres em acontecimentos hist\u00f3ricos, como a ditadura portuguesa de 1926-1974, ou o processo revolucion\u00e1rio de 1974-75. Combinando hist\u00f3rias de vida, fotografias e documentos originais, o filme reencena essas vidas invis\u00edveis e culmina com uma cena filmada numa pequena sala de cinema, que se acredita ter sido usada pelos censores durante a ditadura portuguesa.<\/p>\n\n\n\n<figure class=\"wp-block-image size-large\"><a href=\"http:\/\/teatrodovestido.org\/blog\/wp-content\/uploads\/2023\/02\/LOGOS-1.jpg\"><img loading=\"lazy\" decoding=\"async\" width=\"1024\" height=\"152\" src=\"http:\/\/teatrodovestido.org\/blog\/wp-content\/uploads\/2023\/02\/LOGOS-1-1024x152.jpg\" alt=\"\" class=\"wp-image-10535\" srcset=\"http:\/\/teatrodovestido.org\/blog\/wp-content\/uploads\/2023\/02\/LOGOS-1-1024x152.jpg 1024w, http:\/\/teatrodovestido.org\/blog\/wp-content\/uploads\/2023\/02\/LOGOS-1-300x44.jpg 300w, http:\/\/teatrodovestido.org\/blog\/wp-content\/uploads\/2023\/02\/LOGOS-1-768x114.jpg 768w, http:\/\/teatrodovestido.org\/blog\/wp-content\/uploads\/2023\/02\/LOGOS-1-1536x228.jpg 1536w, http:\/\/teatrodovestido.org\/blog\/wp-content\/uploads\/2023\/02\/LOGOS-1-2048x303.jpg 2048w, http:\/\/teatrodovestido.org\/blog\/wp-content\/uploads\/2023\/02\/LOGOS-1-500x74.jpg 500w\" sizes=\"(max-width: 1024px) 100vw, 1024px\" \/><\/a><\/figure>\n","protected":false},"excerpt":{"rendered":"<p>29.03.2023 | 18h30Funda\u00e7\u00e3o Jos\u00e9 SaramagoCasa dos Bicos, Rua dos Bacalhoeiros 10 Entrada livre (sujeita \u00e0 lota\u00e7\u00e3o da sala)https:\/\/www.josesaramago.org\/programacao\/filme-elas-tambem-estiveram-la-de-joana-craveiro\/ No \u00e2mbito da programa\u00e7\u00e3o da Funda\u00e7\u00e3o Jos\u00e9 Saramago, dedicada ao Dia Internacional das Mulheres, ser\u00e1 exibido o filme Elas tamb\u00e9m estiveram l\u00e1, &hellip; <a href=\"http:\/\/teatrodovestido.org\/blog\/?p=10558\">Continue reading <span class=\"meta-nav\">&rarr;<\/span><\/a><\/p>\n","protected":false},"author":1,"featured_media":0,"comment_status":"closed","ping_status":"closed","sticky":false,"template":"","format":"standard","meta":{"footnotes":""},"categories":[1],"tags":[],"class_list":["post-10558","post","type-post","status-publish","format-standard","hentry","category-tdv"],"_links":{"self":[{"href":"http:\/\/teatrodovestido.org\/blog\/index.php?rest_route=\/wp\/v2\/posts\/10558"}],"collection":[{"href":"http:\/\/teatrodovestido.org\/blog\/index.php?rest_route=\/wp\/v2\/posts"}],"about":[{"href":"http:\/\/teatrodovestido.org\/blog\/index.php?rest_route=\/wp\/v2\/types\/post"}],"author":[{"embeddable":true,"href":"http:\/\/teatrodovestido.org\/blog\/index.php?rest_route=\/wp\/v2\/users\/1"}],"replies":[{"embeddable":true,"href":"http:\/\/teatrodovestido.org\/blog\/index.php?rest_route=%2Fwp%2Fv2%2Fcomments&post=10558"}],"version-history":[{"count":1,"href":"http:\/\/teatrodovestido.org\/blog\/index.php?rest_route=\/wp\/v2\/posts\/10558\/revisions"}],"predecessor-version":[{"id":10561,"href":"http:\/\/teatrodovestido.org\/blog\/index.php?rest_route=\/wp\/v2\/posts\/10558\/revisions\/10561"}],"wp:attachment":[{"href":"http:\/\/teatrodovestido.org\/blog\/index.php?rest_route=%2Fwp%2Fv2%2Fmedia&parent=10558"}],"wp:term":[{"taxonomy":"category","embeddable":true,"href":"http:\/\/teatrodovestido.org\/blog\/index.php?rest_route=%2Fwp%2Fv2%2Fcategories&post=10558"},{"taxonomy":"post_tag","embeddable":true,"href":"http:\/\/teatrodovestido.org\/blog\/index.php?rest_route=%2Fwp%2Fv2%2Ftags&post=10558"}],"curies":[{"name":"wp","href":"https:\/\/api.w.org\/{rel}","templated":true}]}}