{"id":10555,"date":"2023-03-28T12:00:00","date_gmt":"2023-03-28T11:00:00","guid":{"rendered":"http:\/\/teatrodovestido.org\/blog\/?p=10555"},"modified":"2023-03-28T16:15:38","modified_gmt":"2023-03-28T15:15:38","slug":"viagem-a-portugal-no-teatro-nacional-da-catalunha","status":"publish","type":"post","link":"http:\/\/teatrodovestido.org\/blog\/?p=10555","title":{"rendered":"Viagem a Portugal no\u00a0Teatro Nacional Da Catalunha"},"content":{"rendered":"\n<figure class=\"wp-block-image size-large\"><a href=\"http:\/\/teatrodovestido.org\/blog\/wp-content\/uploads\/2023\/03\/Captura-de-ecra-2023-03-28-as-16.06.33.png\"><img loading=\"lazy\" decoding=\"async\" width=\"885\" height=\"1024\" src=\"http:\/\/teatrodovestido.org\/blog\/wp-content\/uploads\/2023\/03\/Captura-de-ecra-2023-03-28-as-16.06.33-885x1024.png\" alt=\"\" class=\"wp-image-10556\" srcset=\"http:\/\/teatrodovestido.org\/blog\/wp-content\/uploads\/2023\/03\/Captura-de-ecra-2023-03-28-as-16.06.33-885x1024.png 885w, http:\/\/teatrodovestido.org\/blog\/wp-content\/uploads\/2023\/03\/Captura-de-ecra-2023-03-28-as-16.06.33-259x300.png 259w, http:\/\/teatrodovestido.org\/blog\/wp-content\/uploads\/2023\/03\/Captura-de-ecra-2023-03-28-as-16.06.33-768x889.png 768w, http:\/\/teatrodovestido.org\/blog\/wp-content\/uploads\/2023\/03\/Captura-de-ecra-2023-03-28-as-16.06.33-432x500.png 432w, http:\/\/teatrodovestido.org\/blog\/wp-content\/uploads\/2023\/03\/Captura-de-ecra-2023-03-28-as-16.06.33.png 1118w\" sizes=\"(max-width: 885px) 100vw, 885px\" \/><\/a><figcaption class=\"wp-element-caption\"><br>O texto de Joana Craveiro &#8220;Viagem a Portugal, \u00faltima paragem ou o que n\u00f3s and\u00e1mos para aqui chegar&#8221;, uma cria\u00e7\u00e3o do Teatro do Vestido estreada em 2019 no\u00a0<a href=\"https:\/\/www.facebook.com\/teatroviriato?__cft__[0]=AZUxxZLs5neAiS4L92Z-rx2C0nxJ-Eo_ZpmAp3-o4S6sETIhoistuYZoaGxAI-83kWhVgVlPOgE23OEX9OCdXKY_ajXj7C45RI04SkY6RBZypBav1NDuGxwRYNrZd9gf_vV1NQQCc_cf54J3Ay7wKKjpPy6e4knqX9Y6C1Ftm066a82GmP_W1jUhhjJRCvYQy10&amp;__tn__=-]K*F\">Teatro Viriato<\/a>, ser\u00e1 hoje apresentado numa leitura encenada no\u00a0<a href=\"https:\/\/www.tnc.cat\/ca\/dramaturgia-emergent-europea-portugal\" data-type=\"URL\" data-id=\"https:\/\/www.tnc.cat\/ca\/dramaturgia-emergent-europea-portugal\" target=\"_blank\" rel=\"noreferrer noopener\">Teatro Nacional De Catalunya<\/a>, no \u00e2mbito do programa Dramaturgia Emergentes Europeias.<\/figcaption><\/figure>\n\n\n\n<figure class=\"wp-block-image size-large\"><a href=\"http:\/\/teatrodovestido.org\/blog\/wp-content\/uploads\/2023\/02\/LOGOS-2.jpg\"><img loading=\"lazy\" decoding=\"async\" width=\"1024\" height=\"152\" src=\"http:\/\/teatrodovestido.org\/blog\/wp-content\/uploads\/2023\/02\/LOGOS-2-1024x152.jpg\" alt=\"\" class=\"wp-image-10540\" srcset=\"http:\/\/teatrodovestido.org\/blog\/wp-content\/uploads\/2023\/02\/LOGOS-2-1024x152.jpg 1024w, http:\/\/teatrodovestido.org\/blog\/wp-content\/uploads\/2023\/02\/LOGOS-2-300x44.jpg 300w, http:\/\/teatrodovestido.org\/blog\/wp-content\/uploads\/2023\/02\/LOGOS-2-768x114.jpg 768w, http:\/\/teatrodovestido.org\/blog\/wp-content\/uploads\/2023\/02\/LOGOS-2-1536x228.jpg 1536w, http:\/\/teatrodovestido.org\/blog\/wp-content\/uploads\/2023\/02\/LOGOS-2-2048x303.jpg 2048w, http:\/\/teatrodovestido.org\/blog\/wp-content\/uploads\/2023\/02\/LOGOS-2-500x74.jpg 500w\" sizes=\"(max-width: 1024px) 100vw, 1024px\" \/><\/a><\/figure>\n","protected":false},"excerpt":{"rendered":"","protected":false},"author":1,"featured_media":0,"comment_status":"closed","ping_status":"closed","sticky":false,"template":"","format":"standard","meta":{"footnotes":""},"categories":[1],"tags":[],"class_list":["post-10555","post","type-post","status-publish","format-standard","hentry","category-tdv"],"_links":{"self":[{"href":"http:\/\/teatrodovestido.org\/blog\/index.php?rest_route=\/wp\/v2\/posts\/10555"}],"collection":[{"href":"http:\/\/teatrodovestido.org\/blog\/index.php?rest_route=\/wp\/v2\/posts"}],"about":[{"href":"http:\/\/teatrodovestido.org\/blog\/index.php?rest_route=\/wp\/v2\/types\/post"}],"author":[{"embeddable":true,"href":"http:\/\/teatrodovestido.org\/blog\/index.php?rest_route=\/wp\/v2\/users\/1"}],"replies":[{"embeddable":true,"href":"http:\/\/teatrodovestido.org\/blog\/index.php?rest_route=%2Fwp%2Fv2%2Fcomments&post=10555"}],"version-history":[{"count":1,"href":"http:\/\/teatrodovestido.org\/blog\/index.php?rest_route=\/wp\/v2\/posts\/10555\/revisions"}],"predecessor-version":[{"id":10557,"href":"http:\/\/teatrodovestido.org\/blog\/index.php?rest_route=\/wp\/v2\/posts\/10555\/revisions\/10557"}],"wp:attachment":[{"href":"http:\/\/teatrodovestido.org\/blog\/index.php?rest_route=%2Fwp%2Fv2%2Fmedia&parent=10555"}],"wp:term":[{"taxonomy":"category","embeddable":true,"href":"http:\/\/teatrodovestido.org\/blog\/index.php?rest_route=%2Fwp%2Fv2%2Fcategories&post=10555"},{"taxonomy":"post_tag","embeddable":true,"href":"http:\/\/teatrodovestido.org\/blog\/index.php?rest_route=%2Fwp%2Fv2%2Ftags&post=10555"}],"curies":[{"name":"wp","href":"https:\/\/api.w.org\/{rel}","templated":true}]}}