{"id":10537,"date":"2022-11-13T17:39:00","date_gmt":"2022-11-13T17:39:00","guid":{"rendered":"http:\/\/teatrodovestido.org\/blog\/?p=10537"},"modified":"2023-02-27T17:40:30","modified_gmt":"2023-02-27T17:40:30","slug":"elas-tambem-estiveram-la-seminario-ihc-genlab","status":"publish","type":"post","link":"http:\/\/teatrodovestido.org\/blog\/?p=10537","title":{"rendered":"Elas Tamb\u00e9m Estiveram L\u00e1 | SEMIN\u00c1RIO IHC GENLAB"},"content":{"rendered":"\n<figure class=\"wp-block-image size-large\"><a href=\"http:\/\/teatrodovestido.org\/blog\/wp-content\/uploads\/2023\/02\/Elas-tambem-estiveram-la_still_3-scaled.jpg\"><img loading=\"lazy\" decoding=\"async\" width=\"1024\" height=\"569\" src=\"http:\/\/teatrodovestido.org\/blog\/wp-content\/uploads\/2023\/02\/Elas-tambem-estiveram-la_still_3-1024x569.jpg\" alt=\"\" class=\"wp-image-10539\" srcset=\"http:\/\/teatrodovestido.org\/blog\/wp-content\/uploads\/2023\/02\/Elas-tambem-estiveram-la_still_3-1024x569.jpg 1024w, http:\/\/teatrodovestido.org\/blog\/wp-content\/uploads\/2023\/02\/Elas-tambem-estiveram-la_still_3-300x167.jpg 300w, http:\/\/teatrodovestido.org\/blog\/wp-content\/uploads\/2023\/02\/Elas-tambem-estiveram-la_still_3-768x427.jpg 768w, http:\/\/teatrodovestido.org\/blog\/wp-content\/uploads\/2023\/02\/Elas-tambem-estiveram-la_still_3-1536x854.jpg 1536w, http:\/\/teatrodovestido.org\/blog\/wp-content\/uploads\/2023\/02\/Elas-tambem-estiveram-la_still_3-2048x1139.jpg 2048w, http:\/\/teatrodovestido.org\/blog\/wp-content\/uploads\/2023\/02\/Elas-tambem-estiveram-la_still_3-500x278.jpg 500w\" sizes=\"(max-width: 1024px) 100vw, 1024px\" \/><\/a><\/figure>\n\n\n\n<p>Visionamento e Discuss\u00e3o com a Realizadora Joana Craveiro na IHC- Nova FCSH <\/p>\n\n\n\n<figure class=\"wp-block-image size-large\"><a href=\"http:\/\/teatrodovestido.org\/blog\/wp-content\/uploads\/2023\/02\/LOGOS-2.jpg\"><img loading=\"lazy\" decoding=\"async\" width=\"1024\" height=\"152\" src=\"http:\/\/teatrodovestido.org\/blog\/wp-content\/uploads\/2023\/02\/LOGOS-2-1024x152.jpg\" alt=\"\" class=\"wp-image-10540\" srcset=\"http:\/\/teatrodovestido.org\/blog\/wp-content\/uploads\/2023\/02\/LOGOS-2-1024x152.jpg 1024w, http:\/\/teatrodovestido.org\/blog\/wp-content\/uploads\/2023\/02\/LOGOS-2-300x44.jpg 300w, http:\/\/teatrodovestido.org\/blog\/wp-content\/uploads\/2023\/02\/LOGOS-2-768x114.jpg 768w, http:\/\/teatrodovestido.org\/blog\/wp-content\/uploads\/2023\/02\/LOGOS-2-1536x228.jpg 1536w, http:\/\/teatrodovestido.org\/blog\/wp-content\/uploads\/2023\/02\/LOGOS-2-2048x303.jpg 2048w, http:\/\/teatrodovestido.org\/blog\/wp-content\/uploads\/2023\/02\/LOGOS-2-500x74.jpg 500w\" sizes=\"(max-width: 1024px) 100vw, 1024px\" \/><\/a><\/figure>\n","protected":false},"excerpt":{"rendered":"<p>Visionamento e Discuss\u00e3o com a Realizadora Joana Craveiro na IHC- Nova FCSH<\/p>\n","protected":false},"author":1,"featured_media":0,"comment_status":"closed","ping_status":"closed","sticky":false,"template":"","format":"standard","meta":{"footnotes":""},"categories":[1],"tags":[],"class_list":["post-10537","post","type-post","status-publish","format-standard","hentry","category-tdv"],"_links":{"self":[{"href":"http:\/\/teatrodovestido.org\/blog\/index.php?rest_route=\/wp\/v2\/posts\/10537"}],"collection":[{"href":"http:\/\/teatrodovestido.org\/blog\/index.php?rest_route=\/wp\/v2\/posts"}],"about":[{"href":"http:\/\/teatrodovestido.org\/blog\/index.php?rest_route=\/wp\/v2\/types\/post"}],"author":[{"embeddable":true,"href":"http:\/\/teatrodovestido.org\/blog\/index.php?rest_route=\/wp\/v2\/users\/1"}],"replies":[{"embeddable":true,"href":"http:\/\/teatrodovestido.org\/blog\/index.php?rest_route=%2Fwp%2Fv2%2Fcomments&post=10537"}],"version-history":[{"count":1,"href":"http:\/\/teatrodovestido.org\/blog\/index.php?rest_route=\/wp\/v2\/posts\/10537\/revisions"}],"predecessor-version":[{"id":10541,"href":"http:\/\/teatrodovestido.org\/blog\/index.php?rest_route=\/wp\/v2\/posts\/10537\/revisions\/10541"}],"wp:attachment":[{"href":"http:\/\/teatrodovestido.org\/blog\/index.php?rest_route=%2Fwp%2Fv2%2Fmedia&parent=10537"}],"wp:term":[{"taxonomy":"category","embeddable":true,"href":"http:\/\/teatrodovestido.org\/blog\/index.php?rest_route=%2Fwp%2Fv2%2Fcategories&post=10537"},{"taxonomy":"post_tag","embeddable":true,"href":"http:\/\/teatrodovestido.org\/blog\/index.php?rest_route=%2Fwp%2Fv2%2Ftags&post=10537"}],"curies":[{"name":"wp","href":"https:\/\/api.w.org\/{rel}","templated":true}]}}