{"id":10533,"date":"2022-11-10T12:00:00","date_gmt":"2022-11-10T12:00:00","guid":{"rendered":"http:\/\/teatrodovestido.org\/blog\/?p=10533"},"modified":"2023-02-27T17:30:47","modified_gmt":"2023-02-27T17:30:47","slug":"teatro-do-vestido-no-festival-face-barau-no-brasil","status":"publish","type":"post","link":"http:\/\/teatrodovestido.org\/blog\/?p=10533","title":{"rendered":"Teatro do Vestido no Festival Face-Barau, no Brasil"},"content":{"rendered":"\n<figure class=\"wp-block-image size-large\"><a href=\"http:\/\/teatrodovestido.org\/blog\/wp-content\/uploads\/2023\/02\/imagemparaoBLOG.jpg\"><img loading=\"lazy\" decoding=\"async\" width=\"1024\" height=\"512\" src=\"http:\/\/teatrodovestido.org\/blog\/wp-content\/uploads\/2023\/02\/imagemparaoBLOG-1024x512.jpg\" alt=\"\" class=\"wp-image-10534\" srcset=\"http:\/\/teatrodovestido.org\/blog\/wp-content\/uploads\/2023\/02\/imagemparaoBLOG-1024x512.jpg 1024w, http:\/\/teatrodovestido.org\/blog\/wp-content\/uploads\/2023\/02\/imagemparaoBLOG-300x150.jpg 300w, http:\/\/teatrodovestido.org\/blog\/wp-content\/uploads\/2023\/02\/imagemparaoBLOG-768x384.jpg 768w, http:\/\/teatrodovestido.org\/blog\/wp-content\/uploads\/2023\/02\/imagemparaoBLOG-1536x768.jpg 1536w, http:\/\/teatrodovestido.org\/blog\/wp-content\/uploads\/2023\/02\/imagemparaoBLOG-2048x1024.jpg 2048w, http:\/\/teatrodovestido.org\/blog\/wp-content\/uploads\/2023\/02\/imagemparaoBLOG-500x250.jpg 500w\" sizes=\"(max-width: 1024px) 100vw, 1024px\" \/><\/a><\/figure>\n\n\n\n<p>O Teatro do Vestido \u00e9 uma das companhias convidadas da edi\u00e7\u00e3o de 2022 do <a href=\"https:\/\/www.facebook.com\/facebauru?__cft__[0]=AZV2s2By414ROOzlcSq1LRWrYtdD2g3dyQREdHvtGgPiPUxWQF7d3ERXX65QmKyUgMZ7XvpNOPel9cb4S7s-kiG_qwnK_KR-f_to-Mg8Zp3PE5A3Hpf4ybodeOhtVz9GdlnAIDAN62EuZBhQSXpMQhDy1Ohg9C9Yua2CUtbzxhPfe5F5En2uRq9t-eFdXNDCjjw&amp;__tn__=-]K-R\">FACE &#8211; Bauru<\/a> no Brasil, onde apresentar\u00e1 o filme &#8220;Elas tamb\u00e9m estiveram l\u00e1&#8221;(2021), uma estreia em territ\u00f3rio brasileiro.<\/p>\n\n\n\n<p>Ainda no \u00e2mbito da programa\u00e7\u00e3o do Festival, Joana Craveiro &#8211; dramaturga, encenadora, actriz e docente &#8211; orientar\u00e1 o workshop &#8220;Em torno da mem\u00f3ria&#8221;. A actividade formativa decorrer\u00e1 online, no dia 16 de Novembro \u00e0s 17h (hora de Bras\u00edlia).<\/p>\n\n\n\n<figure class=\"wp-block-image size-large\"><a href=\"http:\/\/teatrodovestido.org\/blog\/wp-content\/uploads\/2023\/02\/LOGOS-1.jpg\"><img loading=\"lazy\" decoding=\"async\" width=\"1024\" height=\"152\" src=\"http:\/\/teatrodovestido.org\/blog\/wp-content\/uploads\/2023\/02\/LOGOS-1-1024x152.jpg\" alt=\"\" class=\"wp-image-10535\" srcset=\"http:\/\/teatrodovestido.org\/blog\/wp-content\/uploads\/2023\/02\/LOGOS-1-1024x152.jpg 1024w, http:\/\/teatrodovestido.org\/blog\/wp-content\/uploads\/2023\/02\/LOGOS-1-300x44.jpg 300w, http:\/\/teatrodovestido.org\/blog\/wp-content\/uploads\/2023\/02\/LOGOS-1-768x114.jpg 768w, http:\/\/teatrodovestido.org\/blog\/wp-content\/uploads\/2023\/02\/LOGOS-1-1536x228.jpg 1536w, http:\/\/teatrodovestido.org\/blog\/wp-content\/uploads\/2023\/02\/LOGOS-1-2048x303.jpg 2048w, http:\/\/teatrodovestido.org\/blog\/wp-content\/uploads\/2023\/02\/LOGOS-1-500x74.jpg 500w\" sizes=\"(max-width: 1024px) 100vw, 1024px\" \/><\/a><\/figure>\n","protected":false},"excerpt":{"rendered":"<p>O Teatro do Vestido \u00e9 uma das companhias convidadas da edi\u00e7\u00e3o de 2022 do FACE &#8211; Bauru no Brasil, onde apresentar\u00e1 o filme &#8220;Elas tamb\u00e9m estiveram l\u00e1&#8221;(2021), uma estreia em territ\u00f3rio brasileiro. Ainda no \u00e2mbito da programa\u00e7\u00e3o do Festival, Joana &hellip; <a href=\"http:\/\/teatrodovestido.org\/blog\/?p=10533\">Continue reading <span class=\"meta-nav\">&rarr;<\/span><\/a><\/p>\n","protected":false},"author":1,"featured_media":0,"comment_status":"closed","ping_status":"closed","sticky":false,"template":"","format":"standard","meta":{"footnotes":""},"categories":[1],"tags":[],"class_list":["post-10533","post","type-post","status-publish","format-standard","hentry","category-tdv"],"_links":{"self":[{"href":"http:\/\/teatrodovestido.org\/blog\/index.php?rest_route=\/wp\/v2\/posts\/10533"}],"collection":[{"href":"http:\/\/teatrodovestido.org\/blog\/index.php?rest_route=\/wp\/v2\/posts"}],"about":[{"href":"http:\/\/teatrodovestido.org\/blog\/index.php?rest_route=\/wp\/v2\/types\/post"}],"author":[{"embeddable":true,"href":"http:\/\/teatrodovestido.org\/blog\/index.php?rest_route=\/wp\/v2\/users\/1"}],"replies":[{"embeddable":true,"href":"http:\/\/teatrodovestido.org\/blog\/index.php?rest_route=%2Fwp%2Fv2%2Fcomments&post=10533"}],"version-history":[{"count":1,"href":"http:\/\/teatrodovestido.org\/blog\/index.php?rest_route=\/wp\/v2\/posts\/10533\/revisions"}],"predecessor-version":[{"id":10536,"href":"http:\/\/teatrodovestido.org\/blog\/index.php?rest_route=\/wp\/v2\/posts\/10533\/revisions\/10536"}],"wp:attachment":[{"href":"http:\/\/teatrodovestido.org\/blog\/index.php?rest_route=%2Fwp%2Fv2%2Fmedia&parent=10533"}],"wp:term":[{"taxonomy":"category","embeddable":true,"href":"http:\/\/teatrodovestido.org\/blog\/index.php?rest_route=%2Fwp%2Fv2%2Fcategories&post=10533"},{"taxonomy":"post_tag","embeddable":true,"href":"http:\/\/teatrodovestido.org\/blog\/index.php?rest_route=%2Fwp%2Fv2%2Ftags&post=10533"}],"curies":[{"name":"wp","href":"https:\/\/api.w.org\/{rel}","templated":true}]}}