{"id":10523,"date":"2022-10-16T12:00:00","date_gmt":"2022-10-16T11:00:00","guid":{"rendered":"http:\/\/teatrodovestido.org\/?p=10523"},"modified":"2023-02-27T16:46:30","modified_gmt":"2023-02-27T16:46:30","slug":"naquele-dia-nao-passou-na-televisao-mais-apresentacoes-na-quinta-alegre","status":"publish","type":"post","link":"http:\/\/teatrodovestido.org\/blog\/?p=10523","title":{"rendered":"Naquele dia, n\u00e3o passou na televis\u00e3o | Mais apresenta\u00e7\u00f5es na Quinta Alegre"},"content":{"rendered":"\n<figure class=\"wp-block-image size-large\"><a href=\"http:\/\/teatrodovestido.org\/blog\/wp-content\/uploads\/2023\/02\/naqueledia_quintaalegre.jpeg\"><img loading=\"lazy\" decoding=\"async\" width=\"723\" height=\"1024\" src=\"http:\/\/teatrodovestido.org\/blog\/wp-content\/uploads\/2023\/02\/naqueledia_quintaalegre-723x1024.jpeg\" alt=\"\" class=\"wp-image-10522\" srcset=\"http:\/\/teatrodovestido.org\/blog\/wp-content\/uploads\/2023\/02\/naqueledia_quintaalegre-723x1024.jpeg 723w, http:\/\/teatrodovestido.org\/blog\/wp-content\/uploads\/2023\/02\/naqueledia_quintaalegre-212x300.jpeg 212w, http:\/\/teatrodovestido.org\/blog\/wp-content\/uploads\/2023\/02\/naqueledia_quintaalegre-353x500.jpeg 353w, http:\/\/teatrodovestido.org\/blog\/wp-content\/uploads\/2023\/02\/naqueledia_quintaalegre.jpeg 1414w\" sizes=\"(max-width: 723px) 100vw, 723px\" \/><\/a><\/figure>\n\n\n\n<figure class=\"wp-block-image size-full is-resized\"><a href=\"http:\/\/teatrodovestido.org\/blog\/wp-content\/uploads\/2022\/10\/NAquele-dia_ficha-final.png\"><img loading=\"lazy\" decoding=\"async\" src=\"http:\/\/teatrodovestido.org\/blog\/wp-content\/uploads\/2022\/10\/NAquele-dia_ficha-final.png\" alt=\"\" class=\"wp-image-10515\" width=\"731\" height=\"412\" srcset=\"http:\/\/teatrodovestido.org\/blog\/wp-content\/uploads\/2022\/10\/NAquele-dia_ficha-final.png 644w, http:\/\/teatrodovestido.org\/blog\/wp-content\/uploads\/2022\/10\/NAquele-dia_ficha-final-300x169.png 300w, http:\/\/teatrodovestido.org\/blog\/wp-content\/uploads\/2022\/10\/NAquele-dia_ficha-final-500x281.png 500w\" sizes=\"(max-width: 731px) 100vw, 731px\" \/><\/a><\/figure>\n","protected":false},"excerpt":{"rendered":"","protected":false},"author":1,"featured_media":0,"comment_status":"closed","ping_status":"closed","sticky":false,"template":"","format":"standard","meta":{"footnotes":""},"categories":[1],"tags":[],"class_list":["post-10523","post","type-post","status-publish","format-standard","hentry","category-tdv"],"_links":{"self":[{"href":"http:\/\/teatrodovestido.org\/blog\/index.php?rest_route=\/wp\/v2\/posts\/10523"}],"collection":[{"href":"http:\/\/teatrodovestido.org\/blog\/index.php?rest_route=\/wp\/v2\/posts"}],"about":[{"href":"http:\/\/teatrodovestido.org\/blog\/index.php?rest_route=\/wp\/v2\/types\/post"}],"author":[{"embeddable":true,"href":"http:\/\/teatrodovestido.org\/blog\/index.php?rest_route=\/wp\/v2\/users\/1"}],"replies":[{"embeddable":true,"href":"http:\/\/teatrodovestido.org\/blog\/index.php?rest_route=%2Fwp%2Fv2%2Fcomments&post=10523"}],"version-history":[{"count":2,"href":"http:\/\/teatrodovestido.org\/blog\/index.php?rest_route=\/wp\/v2\/posts\/10523\/revisions"}],"predecessor-version":[{"id":10525,"href":"http:\/\/teatrodovestido.org\/blog\/index.php?rest_route=\/wp\/v2\/posts\/10523\/revisions\/10525"}],"wp:attachment":[{"href":"http:\/\/teatrodovestido.org\/blog\/index.php?rest_route=%2Fwp%2Fv2%2Fmedia&parent=10523"}],"wp:term":[{"taxonomy":"category","embeddable":true,"href":"http:\/\/teatrodovestido.org\/blog\/index.php?rest_route=%2Fwp%2Fv2%2Fcategories&post=10523"},{"taxonomy":"post_tag","embeddable":true,"href":"http:\/\/teatrodovestido.org\/blog\/index.php?rest_route=%2Fwp%2Fv2%2Ftags&post=10523"}],"curies":[{"name":"wp","href":"https:\/\/api.w.org\/{rel}","templated":true}]}}