{"id":10505,"date":"2022-10-03T17:03:35","date_gmt":"2022-10-03T16:03:35","guid":{"rendered":"http:\/\/teatrodovestido.org\/?p=10505"},"modified":"2022-10-31T11:45:26","modified_gmt":"2022-10-31T11:45:26","slug":"10505","status":"publish","type":"post","link":"http:\/\/teatrodovestido.org\/blog\/?p=10505","title":{"rendered":""},"content":{"rendered":"<p><a href=\"http:\/\/teatrodovestido.org\/blog\/wp-content\/uploads\/2022\/10\/2022_10_19-21_Naquele-dia_FB-1.png\"><img loading=\"lazy\" decoding=\"async\" class=\"alignright size-full wp-image-10506\" src=\"http:\/\/teatrodovestido.org\/blog\/wp-content\/uploads\/2022\/10\/2022_10_19-21_Naquele-dia_FB-1.png\" alt=\"2022_10_19-21_Naquele dia_FB (1)\" width=\"1417\" height=\"743\" srcset=\"http:\/\/teatrodovestido.org\/blog\/wp-content\/uploads\/2022\/10\/2022_10_19-21_Naquele-dia_FB-1.png 1417w, http:\/\/teatrodovestido.org\/blog\/wp-content\/uploads\/2022\/10\/2022_10_19-21_Naquele-dia_FB-1-300x157.png 300w, http:\/\/teatrodovestido.org\/blog\/wp-content\/uploads\/2022\/10\/2022_10_19-21_Naquele-dia_FB-1-1024x536.png 1024w, http:\/\/teatrodovestido.org\/blog\/wp-content\/uploads\/2022\/10\/2022_10_19-21_Naquele-dia_FB-1-500x262.png 500w\" sizes=\"(max-width: 1417px) 100vw, 1417px\" \/><\/a><span class=\"JsGRdQ\" style=\"color: #201e1e; font-weight: bold; font-style: normal; text-decoration: none;\">Naquele dia, n\u00e3o passou na televis\u00e3o<\/span><\/p>\n<p class=\"_04xlpA direction-ltr align-justify para-style-body\" style=\"color: #000000; font-family: 'YACgEYbsV-E 0', _fb_, auto; --font-size: 17.9999px; --line-height: 1.4; text-transform: none; line-height: 25px;\"><span class=\"JsGRdQ\" style=\"color: #000000; font-weight: 400; font-style: normal; text-decoration: none;\">Este espect\u00e1culo evoca a mem\u00f3ria e a hist\u00f3ria do estudante Ant\u00f3nio Jos\u00e9 Ribeiro Santos, assassinado por um agente infiltrado da pol\u00edcia pol\u00edtica portuguesa (PIDE), numa reuni\u00e3o no ISCEF (Instituto de Ci\u00eancias Econ\u00f3micas e Financeiras, hoje ISEG), em Lisboa.<\/span><\/p>\n<p class=\"_04xlpA direction-ltr align-justify para-style-body\" style=\"color: #000000; font-family: 'YACgEYbsV-E 0', _fb_, auto; --font-size: 17.9999px; --line-height: 1.4; text-transform: none; line-height: 25px;\"><span class=\"JsGRdQ\" style=\"color: #000000; font-weight: 400; font-style: normal; text-decoration: none;\">O assassinato n\u00e3o passou na televis\u00e3o, e o regime chamar-lhe-ia um <\/span><span class=\"JsGRdQ\" style=\"color: #000000; font-weight: 400; font-style: italic; text-decoration: none;\">acidente.<\/span><\/p>\n<p class=\"_04xlpA direction-ltr align-justify para-style-body\" style=\"color: #000000; font-family: 'YACgEYbsV-E 0', _fb_, auto; --font-size: 17.9999px; --line-height: 1.4; text-transform: none; line-height: 25px;\"><span class=\"JsGRdQ\" style=\"color: #000000; font-weight: 400; font-style: normal; text-decoration: none;\">O que temos hoje, para al\u00e9m dos testemunhos dos que estiveram junto a Ribeiro Santos naquele momento, e os que participaram no seu funeral, \u00e9 um conjunto de panfletos a apelar \u00e0 luta conjunta dos estudantes e associa\u00e7\u00f5es. \u201c<\/span><span class=\"JsGRdQ\" style=\"color: #000000; font-weight: 400; font-style: italic; text-decoration: none;\">Abaixo o Terror Fascista<\/span><span class=\"JsGRdQ\" style=\"color: #000000; font-weight: 400; font-style: normal; text-decoration: none;\">\u201d, lia-se num desses panfletos, que descobrimos numa caixa cheia de mem\u00f3rias, em 2011.<\/span><\/p>\n<p class=\"_04xlpA direction-ltr align-justify para-style-body\" style=\"color: #000000; font-family: 'YACgEYbsV-E 0', _fb_, auto; --font-size: 17.9999px; --line-height: 1.4; text-transform: none; line-height: 25px;\"><span class=\"JsGRdQ\" style=\"color: #000000; font-weight: 400; font-style: normal; text-decoration: none;\">Este espect\u00e1culo \u00e9 sobre isso e, mais, \u00e9 sobre como os estudantes estavam a unir-se naquela fase final do regime de Marcello Caetano, para o detonar por dentro e contra uma guerra na qual n\u00e3o queriam lutar. Porque n\u00e3o era a guerra deles.<\/span><\/p>\n<p class=\"_04xlpA direction-ltr align-justify para-style-body\" style=\"color: #000000; font-family: 'YACgEYbsV-E 0', _fb_, auto; --font-size: 17.9999px; --line-height: 1.4; text-transform: none; line-height: 25px;\"><span class=\"JsGRdQ\" style=\"color: #000000; font-weight: 400; font-style: normal; text-decoration: none;\">Em torno da morte de Ribeiro Santos, a resist\u00eancia estudantil cerrou fileiras, e este jovem de 26 anos tornou-se num s\u00edmbolo da luta contra o aspecto mais repressivo de um regime que durava h\u00e1 demasiado tempo.<\/span><\/p>\n<p class=\"_04xlpA direction-ltr align-justify para-style-body\" style=\"color: #000000; font-family: 'YACgEYbsV-E 0', _fb_, auto; --font-size: 17.9999px; --line-height: 1.4; text-transform: none; line-height: 25px;\"><span class=\"JsGRdQ\" style=\"color: #000000; font-weight: 400; font-style: normal; text-decoration: none;\">Escrevia Ribeiro Santos numa carta a um amigo, em Julho de 1972, \u201c<\/span><span class=\"JsGRdQ\" style=\"color: #000000; font-weight: 400; font-style: italic; text-decoration: none;\">Por\u00e9m, todas as not\u00edcias que eu gostaria de te fornecer condensam-se numa s\u00f3, que se pode sintetizar em poucas palavras: cresce rapidamente o descontentamento popular, e, com ele, a repress\u00e3o<\/span><span class=\"JsGRdQ\" style=\"color: #000000; font-weight: 400; font-style: normal; text-decoration: none;\">\u201d.<\/span><\/p>\n<p class=\"_04xlpA direction-ltr align-justify para-style-body\" style=\"color: #000000; font-family: 'YACgEYbsV-E 0', _fb_, auto; --font-size: 17.9999px; --line-height: 1.4; text-transform: none; line-height: 25px;\"><span class=\"JsGRdQ\" style=\"color: #000000; font-weight: 400; font-style: normal; text-decoration: none;\">Algu\u00e9m sublinhou a parte: \u201c<\/span><span class=\"JsGRdQ\" style=\"color: #000000; font-weight: 400; font-style: italic; text-decoration: none;\">cresce rapidamente o descontentamento popular<\/span><span class=\"JsGRdQ\" style=\"color: #000000; font-weight: 400; font-style: normal; text-decoration: none;\">.\u201d<\/span><\/p>\n<p class=\"_04xlpA direction-ltr align-justify para-style-body\" style=\"color: #000000; font-family: 'YACgEYbsV-E 0', _fb_, auto; --font-size: 17.9999px; --line-height: 1.4; text-transform: none; line-height: 25px; text-align: center;\">*<\/p>\n<p class=\"_04xlpA direction-ltr align-justify para-style-body\" style=\"color: #000000; font-family: 'YACgEYbsV-E 0', _fb_, auto; --font-size: 17.9999px; --line-height: 1.4; text-transform: none; line-height: 25px;\"><span class=\"JsGRdQ\" style=\"color: #000000; font-weight: bold; font-style: italic; text-decoration: none;\">Naquele dia, n\u00e3o passou na televis\u00e3o<\/span><span class=\"JsGRdQ\" style=\"color: #000000; font-weight: 400; font-style: normal; text-decoration: none;\">, uma co-produ\u00e7\u00e3o com o Museu do Aljube Resist\u00eancia e liberdade e com o Teatro das Figuras, inscreve-se nas iniciativas que assinalam os 50 anos da morte de Ribeiro Santos. No ano em que se iniciam as comemora\u00e7\u00f5es do 50\u00ba anivers\u00e1rio do 25 de Abril, esta \u00e9 a evoca\u00e7\u00e3o de um dos acontecimentos mais marcantes na hist\u00f3ria da resist\u00eancia e luta contra o sistema repressivo mantido pelo regime portugu\u00eas que, na sua fase final, como nas anteriores, teve pouco de<\/span><span class=\"JsGRdQ\" style=\"color: #000000; font-weight: 400; font-style: italic; text-decoration: none;\"> Primavera<\/span><span class=\"JsGRdQ\" style=\"color: #000000; font-weight: 400; font-style: normal; text-decoration: none;\">.<\/span><\/p>\n<p class=\"_04xlpA direction-ltr align-justify para-style-body\" style=\"color: #000000; font-family: 'YACgEYbsV-E 0', _fb_, auto; --font-size: 17.9999px; --line-height: 1.4; text-transform: none; line-height: 25px;\"><span class=\"JsGRdQ\" style=\"color: #000000; font-weight: bold; font-style: italic; text-decoration: none;\">Naquele dia, n\u00e3o passou na televis\u00e3o<\/span><span class=\"JsGRdQ\" style=\"color: #000000; font-weight: 400; font-style: normal; text-decoration: none;\">estreia no Museu do Aljube, com apresenta\u00e7\u00f5es nos dias 19, 20 e 21 de Outubro \u00e0s 19h00 (+ info: inscricoes@museudoaljube.pt) e entre 26 e 29 de Outubro, estar\u00e1 em cena no Pal\u00e1cio da Quinta Alegre, na freguesia de Santa Clara, com sess\u00f5es para escolas \u00e0s 15h e \u00e0s 19h para p\u00fablico geral.<\/span><\/p>\n<p class=\"_04xlpA direction-ltr align-justify para-style-body\" style=\"color: #000000; font-family: 'YACgEYbsV-E 0', _fb_, auto; --font-size: 17.9999px; --line-height: 1.4; text-transform: none; line-height: 25px;\"><a href=\"http:\/\/teatrodovestido.org\/blog\/wp-content\/uploads\/2022\/10\/NAquele-dia_ficha-final.png\"><img loading=\"lazy\" decoding=\"async\" class=\"alignright size-full wp-image-10515\" src=\"http:\/\/teatrodovestido.org\/blog\/wp-content\/uploads\/2022\/10\/NAquele-dia_ficha-final.png\" alt=\"NAquele dia_ficha final\" width=\"644\" height=\"363\" srcset=\"http:\/\/teatrodovestido.org\/blog\/wp-content\/uploads\/2022\/10\/NAquele-dia_ficha-final.png 644w, http:\/\/teatrodovestido.org\/blog\/wp-content\/uploads\/2022\/10\/NAquele-dia_ficha-final-300x169.png 300w, http:\/\/teatrodovestido.org\/blog\/wp-content\/uploads\/2022\/10\/NAquele-dia_ficha-final-500x281.png 500w\" sizes=\"(max-width: 644px) 100vw, 644px\" \/><\/a><\/p>\n","protected":false},"excerpt":{"rendered":"<p>Naquele dia, n\u00e3o passou na televis\u00e3o Este espect\u00e1culo evoca a mem\u00f3ria e a hist\u00f3ria do estudante Ant\u00f3nio Jos\u00e9 Ribeiro Santos, assassinado por um agente infiltrado da pol\u00edcia pol\u00edtica portuguesa (PIDE), numa reuni\u00e3o no ISCEF (Instituto de Ci\u00eancias Econ\u00f3micas e Financeiras, &hellip; <a href=\"http:\/\/teatrodovestido.org\/blog\/?p=10505\">Continue reading <span class=\"meta-nav\">&rarr;<\/span><\/a><\/p>\n","protected":false},"author":1,"featured_media":0,"comment_status":"closed","ping_status":"closed","sticky":false,"template":"","format":"standard","meta":{"footnotes":""},"categories":[1],"tags":[],"class_list":["post-10505","post","type-post","status-publish","format-standard","hentry","category-tdv"],"_links":{"self":[{"href":"http:\/\/teatrodovestido.org\/blog\/index.php?rest_route=\/wp\/v2\/posts\/10505"}],"collection":[{"href":"http:\/\/teatrodovestido.org\/blog\/index.php?rest_route=\/wp\/v2\/posts"}],"about":[{"href":"http:\/\/teatrodovestido.org\/blog\/index.php?rest_route=\/wp\/v2\/types\/post"}],"author":[{"embeddable":true,"href":"http:\/\/teatrodovestido.org\/blog\/index.php?rest_route=\/wp\/v2\/users\/1"}],"replies":[{"embeddable":true,"href":"http:\/\/teatrodovestido.org\/blog\/index.php?rest_route=%2Fwp%2Fv2%2Fcomments&post=10505"}],"version-history":[{"count":4,"href":"http:\/\/teatrodovestido.org\/blog\/index.php?rest_route=\/wp\/v2\/posts\/10505\/revisions"}],"predecessor-version":[{"id":10517,"href":"http:\/\/teatrodovestido.org\/blog\/index.php?rest_route=\/wp\/v2\/posts\/10505\/revisions\/10517"}],"wp:attachment":[{"href":"http:\/\/teatrodovestido.org\/blog\/index.php?rest_route=%2Fwp%2Fv2%2Fmedia&parent=10505"}],"wp:term":[{"taxonomy":"category","embeddable":true,"href":"http:\/\/teatrodovestido.org\/blog\/index.php?rest_route=%2Fwp%2Fv2%2Fcategories&post=10505"},{"taxonomy":"post_tag","embeddable":true,"href":"http:\/\/teatrodovestido.org\/blog\/index.php?rest_route=%2Fwp%2Fv2%2Ftags&post=10505"}],"curies":[{"name":"wp","href":"https:\/\/api.w.org\/{rel}","templated":true}]}}