{"id":10493,"date":"2022-08-26T12:15:04","date_gmt":"2022-08-26T11:15:04","guid":{"rendered":"http:\/\/teatrodovestido.org\/?p=10493"},"modified":"2022-09-16T16:12:02","modified_gmt":"2022-09-16T15:12:02","slug":"teatro-do-vestido-na-abertura-do-festival-mirada-brasil","status":"publish","type":"post","link":"http:\/\/teatrodovestido.org\/blog\/?p=10493","title":{"rendered":"Teatro do Vestido na abertura do Festival Mirada &#8211; Brasil"},"content":{"rendered":"<div><strong><a href=\"http:\/\/teatrodovestido.org\/blog\/wp-content\/uploads\/2022\/08\/2.png\"><img loading=\"lazy\" decoding=\"async\" class=\"alignright size-full wp-image-10494\" src=\"http:\/\/teatrodovestido.org\/blog\/wp-content\/uploads\/2022\/08\/2.png\" alt=\"2\" width=\"1024\" height=\"768\" srcset=\"http:\/\/teatrodovestido.org\/blog\/wp-content\/uploads\/2022\/08\/2.png 1024w, http:\/\/teatrodovestido.org\/blog\/wp-content\/uploads\/2022\/08\/2-300x225.png 300w, http:\/\/teatrodovestido.org\/blog\/wp-content\/uploads\/2022\/08\/2-500x375.png 500w\" sizes=\"(max-width: 1024px) 100vw, 1024px\" \/><\/a><\/strong><\/div>\n<p>&nbsp;<\/p>\n<p>Um espect\u00e1culo profundamente po\u00e9tico e metaf\u00f3rico, escrito e dirigido por Joana Craveiro, e que pede emprestado a Jos\u00e9 Saramago e a Sophia de Mello Breyner as ideias de viagem, de perda e de pergunta para onde se vai (e de onde se vem).<\/p>\n<p>Parte de um amplo projecto de investiga\u00e7\u00e3o sobre Portugal, no contexto do trabalho art\u00edstico do Teatro do Vestido, alicer\u00e7ado sobre metodologias da etnografia e da hist\u00f3ria oral, \u00e9 com um enorme regozijo que comunicamos que <strong><em>Viagem a Portugal<\/em><\/strong> ser\u00e1 o espect\u00e1culo de abertura da edi\u00e7\u00e3o de 2022 do Festival Mirada \u2013 Festival Ibero Americano de Artes C\u00eanicas, em Santos, no Brasil, este ano homenageando Portugal (programa completo dispon\u00edvel <a href=\"https:\/\/mirada.sescsp.org.br\/apresentacoes\/viagem-a-portugal-ultima-paragem-ou-o-que-nos-andamos-para-aqui-chegar\/\" target=\"_blank\" data-cke-saved-href=\"https:\/\/mirada.sescsp.org.br\/apresentacoes\/viagem-a-portugal-ultima-paragem-ou-o-que-nos-andamos-para-aqui-chegar\/\">aqui<\/a>).<\/p>\n<p style=\"text-align: center;\">*<\/p>\n<p>Em 2019, a prop\u00f3sito deste espect\u00e1culo, descrevia Gon\u00e7alo Frota, no <em>P\u00fablico<\/em>:<br \/>\n\u201c<em>Viagem a Portugal <\/em>comec?a com os actores a calc?arem umas luvas como quem se prepara para realizar uma auto?psia, dispondo depois em cima de uma mesa um saco que se diria conter um corpo. Do seu interior, no entanto, saem pec?as de lego \u2013 que na?o demoraremos a ver percorrer estradas, serem colocadas em cena?rios de lagos ou barragens, aparecerem como figurantes na construc?a?o de um pai?s. Afinal, o corpo imagina?rio, na?o custa a projectar, e? Portugal. E e? encaixando va?rias pec?as, de pla?stico ou na?o, que se esboc?a a construc?a?o de um qualquer projecto colectivo.\u201d (Texto completo dispon\u00edvel <a href=\"http:\/\/teatrodovestido.org\/blog\/wp-content\/uploads\/2022\/03\/Joana-Craveiro-\u00e0-procura-do-verde-por-detr\u00e1s-das-colinas-_-Teatro-_-P\u00daBLICO.pdf\" target=\"_blank\" data-cke-saved-href=\"http:\/\/teatrodovestido.org\/blog\/wp-content\/uploads\/2022\/03\/Joana-Craveiro-\u00e0-procura-do-verde-por-detr\u00e1s-das-colinas-_-Teatro-_-P\u00daBLICO.pdf\">aqui<\/a>)<\/p>\n<p>Com uma curta vida, travada por uma pandemia que ningu\u00e9m esperava, e depois da apresenta\u00e7\u00e3o no Festival de Teatro de Almada, em 2021, este delicado projecto pode ser revisitado na abertura do significativo de Festival Mirada, em Santos. \u00c9 um espect\u00e1culo onde, sob forma de conto, narramos um conjunto de perguntas, acompanhadas de imagens e de refer\u00eancias sobre este \u201cpequeno pa\u00eds na esquina de um continente velho\u201d (do texto <em>Viagem a Portugal<\/em>, de Joana Craveiro).<\/p>\n<p>Na cr\u00f3nica que escreveu depois de ter visto o espect\u00e1culo no Festival de Teatro de Almada, em 2021, Joaquim Paulo Nogueira confessava-se \u201cperfeitamente deliciado\u201d, descrevendo este projecto como \u201cinabitual\u201d, numa companhia que \u00e9 em si inabitual. (Texto completo dispon\u00edvel <a href=\"https:\/\/www.ruadebaixo.com\/38-festival-de-almada-viagem-a-portugal-do-teatro-do-vestido-15-09-2021.html\" target=\"_blank\" data-cke-saved-href=\"https:\/\/www.ruadebaixo.com\/38-festival-de-almada-viagem-a-portugal-do-teatro-do-vestido-15-09-2021.html\">aqui<\/a>)<\/p>\n<p>Para o Teatro do Vestido, colectivo constitu\u00eddo h\u00e1 21 anos, cada nova cria\u00e7\u00e3o \u00e9 uma aventura e uma viagem onde, a par de uma linguagem c\u00e9nica e de uma marca tem\u00e1tica e processual reconhec\u00edveis, a experimenta\u00e7\u00e3o e a descoberta n\u00e3o deixam de nos apaixonar e de nos motivar artisticamente a trilhar \u2013 com e sem medo, depende dos dias e dos projectos \u2013 novos caminhos.<br \/>\nNeste sentido, \u00e9 nossa convic\u00e7\u00e3o de que esta \u00faltima paragem da nossa <strong><em>Viagem a Portugal<\/em><\/strong> constitui um momento \u00edmpar no nosso percurso art\u00edstico, e que poder apresent\u00e1-la no contexto deste importante festival, no Ano do Bicenten\u00e1rio da Independ\u00eancia do Brasil, \u00e9 marcante, at\u00e9 para a pr\u00f3pria ressignifica\u00e7\u00e3o do espect\u00e1culo neste contexto.<\/p>\n<p style=\"text-align: center;\">*<\/p>\n<p><a href=\"http:\/\/teatrodovestido.org\/blog\/wp-content\/uploads\/2022\/08\/Capturar.jpg\"><img loading=\"lazy\" decoding=\"async\" class=\"alignright size-full wp-image-10502\" src=\"http:\/\/teatrodovestido.org\/blog\/wp-content\/uploads\/2022\/08\/Capturar.jpg\" alt=\"Capturar\" width=\"618\" height=\"243\" srcset=\"http:\/\/teatrodovestido.org\/blog\/wp-content\/uploads\/2022\/08\/Capturar.jpg 618w, http:\/\/teatrodovestido.org\/blog\/wp-content\/uploads\/2022\/08\/Capturar-300x117.jpg 300w, http:\/\/teatrodovestido.org\/blog\/wp-content\/uploads\/2022\/08\/Capturar-500x196.jpg 500w\" sizes=\"(max-width: 618px) 100vw, 618px\" \/><\/a><\/p>\n<p><a href=\"http:\/\/teatrodovestido.org\/blog\/wp-content\/uploads\/2022\/08\/Apoio-DGARTES.png\"><img loading=\"lazy\" decoding=\"async\" class=\"alignright size-full wp-image-10498\" src=\"http:\/\/teatrodovestido.org\/blog\/wp-content\/uploads\/2022\/08\/Apoio-DGARTES.png\" alt=\"Apoio DGARTES\" width=\"625\" height=\"133\" srcset=\"http:\/\/teatrodovestido.org\/blog\/wp-content\/uploads\/2022\/08\/Apoio-DGARTES.png 625w, http:\/\/teatrodovestido.org\/blog\/wp-content\/uploads\/2022\/08\/Apoio-DGARTES-300x63.png 300w, http:\/\/teatrodovestido.org\/blog\/wp-content\/uploads\/2022\/08\/Apoio-DGARTES-500x106.png 500w\" sizes=\"(max-width: 625px) 100vw, 625px\" \/><\/a><\/p>\n","protected":false},"excerpt":{"rendered":"<p>&nbsp; Um espect\u00e1culo profundamente po\u00e9tico e metaf\u00f3rico, escrito e dirigido por Joana Craveiro, e que pede emprestado a Jos\u00e9 Saramago e a Sophia de Mello Breyner as ideias de viagem, de perda e de pergunta para onde se vai (e &hellip; <a href=\"http:\/\/teatrodovestido.org\/blog\/?p=10493\">Continue reading <span class=\"meta-nav\">&rarr;<\/span><\/a><\/p>\n","protected":false},"author":1,"featured_media":0,"comment_status":"closed","ping_status":"closed","sticky":false,"template":"","format":"standard","meta":{"footnotes":""},"categories":[1],"tags":[],"class_list":["post-10493","post","type-post","status-publish","format-standard","hentry","category-tdv"],"_links":{"self":[{"href":"http:\/\/teatrodovestido.org\/blog\/index.php?rest_route=\/wp\/v2\/posts\/10493"}],"collection":[{"href":"http:\/\/teatrodovestido.org\/blog\/index.php?rest_route=\/wp\/v2\/posts"}],"about":[{"href":"http:\/\/teatrodovestido.org\/blog\/index.php?rest_route=\/wp\/v2\/types\/post"}],"author":[{"embeddable":true,"href":"http:\/\/teatrodovestido.org\/blog\/index.php?rest_route=\/wp\/v2\/users\/1"}],"replies":[{"embeddable":true,"href":"http:\/\/teatrodovestido.org\/blog\/index.php?rest_route=%2Fwp%2Fv2%2Fcomments&post=10493"}],"version-history":[{"count":3,"href":"http:\/\/teatrodovestido.org\/blog\/index.php?rest_route=\/wp\/v2\/posts\/10493\/revisions"}],"predecessor-version":[{"id":10503,"href":"http:\/\/teatrodovestido.org\/blog\/index.php?rest_route=\/wp\/v2\/posts\/10493\/revisions\/10503"}],"wp:attachment":[{"href":"http:\/\/teatrodovestido.org\/blog\/index.php?rest_route=%2Fwp%2Fv2%2Fmedia&parent=10493"}],"wp:term":[{"taxonomy":"category","embeddable":true,"href":"http:\/\/teatrodovestido.org\/blog\/index.php?rest_route=%2Fwp%2Fv2%2Fcategories&post=10493"},{"taxonomy":"post_tag","embeddable":true,"href":"http:\/\/teatrodovestido.org\/blog\/index.php?rest_route=%2Fwp%2Fv2%2Ftags&post=10493"}],"curies":[{"name":"wp","href":"https:\/\/api.w.org\/{rel}","templated":true}]}}