{"id":10392,"date":"2022-02-14T00:48:49","date_gmt":"2022-02-14T00:48:49","guid":{"rendered":"http:\/\/teatrodovestido.org\/?p=10392"},"modified":"2022-04-28T17:58:52","modified_gmt":"2022-04-28T16:58:52","slug":"viagem-a-portugal-paragem-alentejo-18-e-19-fevereiro-santiago-do-cacem","status":"publish","type":"post","link":"http:\/\/teatrodovestido.org\/blog\/?p=10392","title":{"rendered":"Viagem a Portugal \u2013 Paragem Alentejo | 18 e 19 Fevereiro &#8211; Santiago do Cac\u00e9m"},"content":{"rendered":"<p><em><b>um teatro feito a partir de uma pesquisa po\u00e9tica e documental neste territ\u00f3rio<\/b><\/em><\/p>\n<p><a href=\"http:\/\/teatrodovestido.org\/blog\/wp-content\/uploads\/2022\/02\/TdV_Viagem-a-Portugal_alentejo-C-Joana-Craveiro-1.jpg\"><img loading=\"lazy\" decoding=\"async\" class=\"alignleft wp-image-10393 size-large\" src=\"http:\/\/teatrodovestido.org\/blog\/wp-content\/uploads\/2022\/02\/TdV_Viagem-a-Portugal_alentejo-C-Joana-Craveiro-1-1024x768.jpg\" alt=\"TdV_Viagem a Portugal_alentejo (C) Joana Craveiro 1\" width=\"640\" height=\"480\" srcset=\"http:\/\/teatrodovestido.org\/blog\/wp-content\/uploads\/2022\/02\/TdV_Viagem-a-Portugal_alentejo-C-Joana-Craveiro-1-1024x768.jpg 1024w, http:\/\/teatrodovestido.org\/blog\/wp-content\/uploads\/2022\/02\/TdV_Viagem-a-Portugal_alentejo-C-Joana-Craveiro-1-300x225.jpg 300w, http:\/\/teatrodovestido.org\/blog\/wp-content\/uploads\/2022\/02\/TdV_Viagem-a-Portugal_alentejo-C-Joana-Craveiro-1-500x375.jpg 500w\" sizes=\"(max-width: 640px) 100vw, 640px\" \/><\/a><\/p>\n<p>&nbsp;<\/p>\n<p><b style=\"color: #000000;\"><span style=\"vertical-align: inherit;\"><span style=\"vertical-align: inherit;\">18 e 19 de Fevereiro | <\/span><span style=\"vertical-align: inherit;\">19h00<br \/>\n<\/span><\/span><\/b><b style=\"color: #000000;\"><span style=\"vertical-align: inherit;\"><span style=\"vertical-align: inherit;\">Ponto de encontro:\u00a0<\/span><\/span><\/b><span style=\"vertical-align: inherit;\"><span style=\"vertical-align: inherit;\"> Largo 25 de Abril \u2013 S\u00e3o Domingos, Santiago do Cac\u00e9m<br \/>\n<\/span><\/span><span style=\"vertical-align: inherit;\"><span style=\"vertical-align: inherit;\">bilhetes \u00e0 venda <a href=\"https:\/\/www.bol.pt\/Comprar\/Pesquisa?q=viagem+a+portugal&amp;dist=0&amp;e=0\">aqui\u00a0<\/a><br \/>\n<\/span><\/span><em><span style=\"vertical-align: inherit;\">O espect\u00e1culo ter\u00e1 percursos a p\u00e9 e autocarro. <\/span><span style=\"vertical-align: inherit;\">Recomendamos cal\u00e7ado confort\u00e1vel e roupa quente.<\/span><\/em><\/p>\n<p><strong style=\"font-weight: bold; color: #000000;\"><strong style=\"font-weight: bold; color: #000000;\">\u00a0<\/strong><\/strong><\/p>\n<p><span style=\"vertical-align: inherit;\"><span style=\"vertical-align: inherit;\">Chegar a um local e olhar.<br \/>\n<\/span><\/span>Alentejo \u2013 tantos alentejos \u2013 regi\u00e3o densa e enorme.<br \/>\nHabitar este local.<br \/>\nOlhar com olhos de quem pergunta.<\/p>\n<p><strong style=\"font-weight: bold; color: #000000;\"><strong style=\"font-weight: bold; color: #000000;\">\u00a0<\/strong><\/strong><\/p>\n<p><span style=\"vertical-align: inherit;\"><span style=\"vertical-align: inherit;\">Nesta sua paragem a sul\u00a0 do projecto <strong>Viagem a\u00a0<\/strong><\/span><\/span><strong><span style=\"vertical-align: inherit;\"><span style=\"vertical-align: inherit;\">Portugal<\/span><\/span><\/strong><span style=\"vertical-align: inherit;\"><span style=\"vertical-align: inherit;\"> \u00a0(nome que pediu viagem a Jos\u00e9 Saramago), os viajantes do Teatro do Vestido de busca, como quem escava, num territ\u00f3rio entre Santiago do Cac\u00e9m e Odemira.<\/span><\/span><\/p>\n<p>Pessoas, nomes, hist\u00f3rias e objectos desfilam diante destes viajantes, que tornam tudo isso parte de um percurso que procura contar algumas das hist\u00f3rias de vida, das mem\u00f3rias e da geografia destes lugares. Como quem escava, e nesse escavar vai descobrindo mais e mais camadas, sem nunca chegar a bater no fundo, a chegar \u00e0 rocha debaixo disto tudo.<\/p>\n<p>&nbsp;<\/p>\n<p><span style=\"vertical-align: inherit;\"><span style=\"vertical-align: inherit;\">Quantas camadas precisamos de escavar\/ de quantas vezes nos sentirmos parte de um territ\u00f3rio?<\/span><\/span><\/p>\n<p><span style=\"vertical-align: inherit;\">O viajante de que Jos\u00e9 Saramago fala na sua Viagem a Portugal interroga-se sobre a sua raz\u00e3o para viajar. <\/span><span style=\"vertical-align: inherit;\">Todos os viajantes o fazem, e, no entanto, a pr\u00f3pria viagem os ofusca sempre. <\/span><span style=\"vertical-align: inherit;\">No corpo a corpo dos quil\u00f3metros percorridos, a viagem ganha.<\/span><\/p>\n<p>Nesta viagem a Portugal do Teatro do Vestido, a viagem torna-se presen\u00e7a, inscrita na paisagem espect\u00e1culo em pesquisa e, fruto no terreno, e no percurso de cria\u00e7\u00e3o de lugares humanos, que nos permite rela\u00e7\u00e3o num saber e conhecer hist\u00f3rias poder recont\u00e1-las sob forma de teatro.<\/p>\n<p>&nbsp;<\/p>\n<p style=\"text-align: right;\">\u00a0<em><span style=\"vertical-align: inherit;\"><span style=\"vertical-align: inherit;\">\u201cO que mais h\u00e1 na terra \u00e9 paisagem.<\/span><\/span><\/em><\/p>\n<p style=\"text-align: right;\"><em><span style=\"vertical-align: inherit;\"><span style=\"vertical-align: inherit;\">Por muito que do resto lhe falte, a paisagem sempre sobrou (&#8230;).\u201d<\/span><\/span><\/em><\/p>\n<p style=\"text-align: right;\"><span style=\"vertical-align: inherit;\"><span style=\"vertical-align: inherit;\"><strong>Jos\u00e9 Saramago,\u00a0 <\/strong><\/span><\/span><strong><i style=\"font-style: italic;\"><span style=\"vertical-align: inherit;\"><span style=\"vertical-align: inherit;\">Levantado do Ch\u00e3o<\/span><\/span><\/i><\/strong><\/p>\n<p style=\"text-align: right;\"><strong>\u00a0<\/strong><!--more--><\/p>\n<p><em><span style=\"vertical-align: inherit;\"><span style=\"vertical-align: inherit;\"><strong><b>Direc\u00e7\u00e3o, Texto, e Coordena\u00e7\u00e3o da Investiga\u00e7\u00e3o\u00a0<\/b><i><span style=\"font-weight: 400;\">Joana Craveiro<br \/>\n<\/span><\/i><\/strong><\/span><\/span><\/em><em><span style=\"vertical-align: inherit;\"><span style=\"vertical-align: inherit;\"><strong><b>Co-cria\u00e7\u00e3o e Interpreta\u00e7\u00e3o\u00a0<\/b><i><span style=\"font-weight: 400;\">Est\u00eav\u00e3o Antunes, Francisco Madureira, Henrique Antunes, Joana Craveiro, Lu\u00eds Cruz, Mafalda Pereira, T\u00e2nia Guerreiro, Toz\u00e9 Cunha<br \/>\n<\/span><\/i><\/strong><\/span><\/span><\/em><em><span style=\"vertical-align: inherit;\"><span style=\"vertical-align: inherit;\"><strong><b>Participa\u00e7\u00e3o Especial\u00a0<\/b><i><span style=\"font-weight: 400;\">Augusta Rom\u00e3o, Celeste Sousa, Cesaltina Sousa, Floripes Gamito<br \/>\n<\/span><\/i><\/strong><\/span><\/span><\/em><em><span style=\"vertical-align: inherit;\"><span style=\"vertical-align: inherit;\"><strong><b>Figurinos <\/b><i><span style=\"font-weight: 400;\">T\u00e2nia Guerreiro<br \/>\n<\/span><\/i><\/strong><\/span><\/span><\/em><em><span style=\"vertical-align: inherit;\"><span style=\"vertical-align: inherit;\"><strong><b>M\u00fasica e Espa\u00e7os Sonoros<\/b><i><span style=\"font-weight: 400;\"> Francisco Madureira<br \/>\n<\/span><\/i><\/strong><\/span><\/span><\/em><em><span style=\"vertical-align: inherit;\"><span style=\"vertical-align: inherit;\"><strong><b>Espa\u00e7o C\u00e9nico <\/b><i><span style=\"font-weight: 400;\">Carla Martinez<br \/>\n<\/span><\/i><\/strong><\/span><\/span><\/em><em><span style=\"vertical-align: inherit;\"><span style=\"vertical-align: inherit;\"><strong><b>Assist\u00eancia de Cenografia<\/b><\/strong><\/span><\/span><\/em><em><span style=\"vertical-align: inherit;\"><span style=\"vertical-align: inherit;\"><strong><b>\u00a0<\/b><i><span style=\"font-weight: 400;\">Isabelle Dekien<br \/>\n<\/span><\/i><\/strong><\/span><\/span><\/em><em><span style=\"vertical-align: inherit;\"><span style=\"vertical-align: inherit;\"><strong><b>Ilumina\u00e7\u00e3o\u00a0<\/b><i><span style=\"font-weight: 400;\">Leoc\u00e1dia Silva<br \/>\n<\/span><\/i><\/strong><\/span><\/span><\/em><em><span style=\"vertical-align: inherit;\"><span style=\"vertical-align: inherit;\"><strong><b>Assist\u00eancia T\u00e9cnica\u00a0<\/b><i><span style=\"font-weight: 400;\">Rodrigo Louren\u00e7o<br \/>\n<\/span><\/i><\/strong><\/span><\/span><\/em><em><span style=\"vertical-align: inherit;\"><span style=\"vertical-align: inherit;\"><strong><b>Assist\u00eancia\u00a0<\/b><i><span style=\"font-weight: 400;\">Henrique Antunes<br \/>\n<\/span><\/i><\/strong><\/span><\/span><\/em><em><span style=\"vertical-align: inherit;\"><span style=\"vertical-align: inherit;\"><strong><b>Contra-regra\u00a0<\/b><i><span style=\"font-weight: 400;\">Beatriz Jacinto, Jos\u00e9 Torrado<br \/>\n<\/span><\/i><\/strong><\/span><\/span><\/em><em><span style=\"vertical-align: inherit;\"><span style=\"vertical-align: inherit;\"><strong><b>Motorista Autocarro<\/b><i><span style=\"font-weight: 400;\"> Id\u00e1lio Pacheco<br \/>\n<\/span><\/i><\/strong><\/span><\/span><\/em><em><span style=\"vertical-align: inherit;\"><span style=\"vertical-align: inherit;\"><strong><b>Direc\u00e7\u00e3o de Produ\u00e7\u00e3o\u00a0<\/b><i><span style=\"font-weight: 400;\">Ala\u00edde Costa<br \/>\n<\/span><\/i><\/strong><\/span><\/span><\/em><em><span style=\"vertical-align: inherit;\"><span style=\"vertical-align: inherit;\"><strong><b>Co-produ\u00e7\u00e3o\u00a0<\/b><i><span style=\"font-weight: 400;\">Lavrar o Mar e Teatro do Vestido<\/span><\/i><\/strong><\/span><\/span><\/em><\/p>\n<p><em><span style=\"vertical-align: inherit;\"><span style=\"vertical-align: inherit;\"><strong><i><span style=\"font-weight: 400;\">Beatriz Jacinto participa neste espect\u00e1culo no contexto de est\u00e1gio curricular, no \u00e2mbito de protocolo entre o Teatro do Vestido e a ESAD. CR.<\/span><\/i><\/strong><\/span><\/span><\/em><\/p>\n<p><em><span style=\"vertical-align: inherit;\"><span style=\"vertical-align: inherit;\">O Teatro do Vestido \u00e9 uma estrutura financiada pela Rep\u00fablica Portuguesa \u2013 Cultura | <\/span><span style=\"vertical-align: inherit;\"><a href=\"www.dgartes.gov.pt%20\">Direc\u00e7\u00e3o-Geral das Artes<\/a>\u00a0<\/span><\/span><\/em><\/p>\n","protected":false},"excerpt":{"rendered":"<p>um teatro feito a partir de uma pesquisa po\u00e9tica e documental neste territ\u00f3rio &nbsp; 18 e 19 de Fevereiro | 19h00 Ponto de encontro:\u00a0 Largo 25 de Abril \u2013 S\u00e3o Domingos, Santiago do Cac\u00e9m bilhetes \u00e0 venda aqui\u00a0 O espect\u00e1culo &hellip; <a href=\"http:\/\/teatrodovestido.org\/blog\/?p=10392\">Continue reading <span class=\"meta-nav\">&rarr;<\/span><\/a><\/p>\n","protected":false},"author":1,"featured_media":0,"comment_status":"closed","ping_status":"closed","sticky":false,"template":"","format":"standard","meta":{"footnotes":""},"categories":[1],"tags":[],"class_list":["post-10392","post","type-post","status-publish","format-standard","hentry","category-tdv"],"_links":{"self":[{"href":"http:\/\/teatrodovestido.org\/blog\/index.php?rest_route=\/wp\/v2\/posts\/10392"}],"collection":[{"href":"http:\/\/teatrodovestido.org\/blog\/index.php?rest_route=\/wp\/v2\/posts"}],"about":[{"href":"http:\/\/teatrodovestido.org\/blog\/index.php?rest_route=\/wp\/v2\/types\/post"}],"author":[{"embeddable":true,"href":"http:\/\/teatrodovestido.org\/blog\/index.php?rest_route=\/wp\/v2\/users\/1"}],"replies":[{"embeddable":true,"href":"http:\/\/teatrodovestido.org\/blog\/index.php?rest_route=%2Fwp%2Fv2%2Fcomments&post=10392"}],"version-history":[{"count":18,"href":"http:\/\/teatrodovestido.org\/blog\/index.php?rest_route=\/wp\/v2\/posts\/10392\/revisions"}],"predecessor-version":[{"id":10457,"href":"http:\/\/teatrodovestido.org\/blog\/index.php?rest_route=\/wp\/v2\/posts\/10392\/revisions\/10457"}],"wp:attachment":[{"href":"http:\/\/teatrodovestido.org\/blog\/index.php?rest_route=%2Fwp%2Fv2%2Fmedia&parent=10392"}],"wp:term":[{"taxonomy":"category","embeddable":true,"href":"http:\/\/teatrodovestido.org\/blog\/index.php?rest_route=%2Fwp%2Fv2%2Fcategories&post=10392"},{"taxonomy":"post_tag","embeddable":true,"href":"http:\/\/teatrodovestido.org\/blog\/index.php?rest_route=%2Fwp%2Fv2%2Ftags&post=10392"}],"curies":[{"name":"wp","href":"https:\/\/api.w.org\/{rel}","templated":true}]}}