{"id":10378,"date":"2022-02-14T00:55:58","date_gmt":"2022-02-14T00:55:58","guid":{"rendered":"http:\/\/teatrodovestido.org\/?p=10378"},"modified":"2022-02-14T00:55:58","modified_gmt":"2022-02-14T00:55:58","slug":"elas-tambem-estiveram-la-17-de-fevereiro-2022-palmela","status":"publish","type":"post","link":"http:\/\/teatrodovestido.org\/blog\/?p=10378","title":{"rendered":"Elas tamb\u00e9m estiveram l\u00e1 |17 de Fevereiro 2022 &#8211; Palmela"},"content":{"rendered":"<p style=\"text-align: left;\">\n<p style=\"text-align: left;\"><a href=\"http:\/\/teatrodovestido.org\/blog\/wp-content\/uploads\/2022\/02\/Elas-tamb\u00e9m-estiveram-l\u00e1_still_Ch\u00e1.png\"><img loading=\"lazy\" decoding=\"async\" class=\"aligncenter wp-image-10386 size-large\" src=\"http:\/\/teatrodovestido.org\/blog\/wp-content\/uploads\/2022\/02\/Elas-tamb\u00e9m-estiveram-l\u00e1_still_Ch\u00e1-1024x569.png\" alt=\"\" width=\"640\" height=\"355\" srcset=\"http:\/\/teatrodovestido.org\/blog\/wp-content\/uploads\/2022\/02\/Elas-tamb\u00e9m-estiveram-l\u00e1_still_Ch\u00e1-1024x569.png 1024w, http:\/\/teatrodovestido.org\/blog\/wp-content\/uploads\/2022\/02\/Elas-tamb\u00e9m-estiveram-l\u00e1_still_Ch\u00e1-300x166.png 300w, http:\/\/teatrodovestido.org\/blog\/wp-content\/uploads\/2022\/02\/Elas-tamb\u00e9m-estiveram-l\u00e1_still_Ch\u00e1-500x277.png 500w\" sizes=\"(max-width: 640px) 100vw, 640px\" \/><\/a><\/p>\n<p style=\"text-align: left;\"><i><span style=\"font-weight: 400;\"><span style=\"vertical-align: inherit;\"><span style=\"vertical-align: inherit;\"><strong>Elas tamb\u00e9m estiveram l\u00e1<\/strong><br \/>\ncom realiza\u00e7\u00e3o de Joana Craveiro <\/span><\/span><\/span><\/i><span style=\"vertical-align: inherit;\"><i><span style=\"font-weight: 400;\"><span style=\"vertical-align: inherit;\">e produ\u00e7\u00e3o do Teatro do Vestido<\/span><\/span><\/i><\/span><\/p>\n<p><strong><span style=\"vertical-align: inherit;\"><span style=\"vertical-align: inherit;\">17 de Fevereiro 2022, 21h30<br \/>\n<\/span><span style=\"vertical-align: inherit;\">Audit\u00f3rio Municipal de Pinhal Novo \u2013 Palmela<br \/>\n<\/span><\/span><\/strong><span style=\"font-weight: 400;\"><span style=\"vertical-align: inherit;\"><strong>O<em>lhares do Mediterr\u00e2neo \u2013 Festival de Cinema Feminino | <\/em><\/strong><\/span><\/span><strong><em><span style=\"vertical-align: inherit;\">Extens\u00e3o Palmela<br \/>\n<\/span><\/em><\/strong><span style=\"font-weight: 400;\"><span style=\"vertical-align: inherit;\">+info\u00a0 <\/span><\/span><span style=\"font-weight: 400;\"><a href=\"http:\/\/https:\/\/www.olharesdomediterraneo.org\/os-olhares-em-palmela-2a-edicao_om2022\/\" target=\"_blank\"><span style=\"vertical-align: inherit;\">aqui<\/span><\/a><\/span><\/p>\n<p><span style=\"font-weight: 400;\"><span style=\"vertical-align: inherit;\"><span style=\"vertical-align: inherit;\">Ap\u00f3s ter sido galarado com a Men\u00e7\u00e3o Honrosa do j\u00fari no <\/span><a href=\"http:\/\/https:\/\/www.olharesdomediterraneo.org\/os-olhares-em-palmela-2a-edicao_om2022\/\"><span style=\"vertical-align: inherit;\">Festival <\/span><\/a><\/span><\/span><span style=\"font-weight: 400;\"><a href=\"http:\/\/https:\/\/www.olharesdomediterraneo.org\/os-olhares-em-palmela-2a-edicao_om2022\/\"><span style=\"vertical-align: inherit;\"><span style=\"vertical-align: inherit;\">do Mediterr\u00e2neo<\/span><\/span><\/a><span style=\"vertical-align: inherit;\"><span style=\"vertical-align: inherit;\"> , <\/span><\/span>\u00a0<\/span><strong><i><span style=\"vertical-align: inherit;\"><span style=\"vertical-align: inherit;\">Elas tamb\u00e9m extens\u00e3odo Olhar em l\u00e1<\/span><\/span><\/i><\/strong><span style=\"font-weight: 400;\"><span style=\"vertical-align: inherit;\"><span style=\"vertical-align: inherit;\"> abre a 2\u00aa edi\u00e7\u00e3o do Festival Palmela. <\/span><span style=\"vertical-align: inherit;\">Sobre o filme, o j\u00fari salientou <\/span><\/span><\/span><i><span style=\"font-weight: 400;\"><span style=\"vertical-align: inherit;\"><span style=\"vertical-align: inherit;\">\u201c[a] imensa criatividade, mistura de formatos teatro \u00e0 reportagem, filme de arquivo e linha pedag\u00f3gica Cinema, evocar as &#8216;Histoire du Cin\u00e9ma&#8217; de Godard, como bem a cita\u00e7\u00e3o de filmes portugueses. <\/span><span style=\"vertical-align: inherit;\">Mostra trabalho, ideias de cinema, intelig\u00eancia e humor<\/span><\/span><\/span><\/i><span style=\"font-weight: 400;\"><span style=\"vertical-align: inherit;\"><span style=\"vertical-align: inherit;\"> \u201d<\/span><\/span><\/span><\/p>\n<p><!--more--><\/p>\n<p><b>Concep\u00e7\u00e3o, Texto e Realiza\u00e7\u00e3o<\/b><span style=\"font-weight: 400;\">\u00a0<\/span><i><span style=\"font-weight: 400;\">Joana Craveiro<\/span><\/i><i><span style=\"font-weight: 400;\"><br \/>\n<\/span><\/i><b>Apoio ao Argumento<\/b><span style=\"font-weight: 400;\">\u00a0<\/span><i><span style=\"font-weight: 400;\">Miguel<\/span><\/i><i><span style=\"font-weight: 400;\">\u00a0Bonneville<\/span><\/i><i><span style=\"font-weight: 400;\"><br \/>\n<\/span><\/i><b>C\u00e2mara<\/b><span style=\"font-weight: 400;\">\u00a0<\/span><i><span style=\"font-weight: 400;\">Jos\u00e9 Torrado<\/span><\/i><i><span style=\"font-weight: 400;\"><br \/>\n<\/span><\/i><b>Montagem<\/b><span style=\"font-weight: 400;\">\u00a0<\/span><i><span style=\"font-weight: 400;\">Jos\u00e9 Torrado, Joana Craveiro<\/span><\/i><span style=\"font-weight: 400;\"><br \/>\n<\/span><b>Direc\u00e7\u00e3o de Fotografia<\/b><span style=\"font-weight: 400;\">\u00a0<\/span><i><span style=\"font-weight: 400;\">Jos\u00e9 Torrado, Jo\u00e3o Cachulo<\/span><\/i><span style=\"font-weight: 400;\"><br \/>\n<\/span><b>Ilumina\u00e7\u00e3o<\/b><span style=\"font-weight: 400;\">\u00a0<\/span><i><span style=\"font-weight: 400;\">Jo\u00e3o Cachulo<\/span><\/i><span style=\"font-weight: 400;\"><br \/>\n<\/span><b>Direc\u00e7\u00e3o de Som<\/b><span style=\"font-weight: 400;\">\u00a0<\/span><i><span style=\"font-weight: 400;\">Rui D\u00e2maso<\/span><\/i><i><span style=\"font-weight: 400;\"><br \/>\n<\/span><\/i><b>Voz-off em Est\u00fadio<\/b><span style=\"font-weight: 400;\">\u00a0<\/span><i><span style=\"font-weight: 400;\">S\u00e9rgio Milhano<\/span><\/i><span style=\"font-weight: 400;\"><br \/>\n<\/span><b>Assist\u00eancia de Realiza\u00e7\u00e3o e Anota\u00e7\u00e3o<\/b><span style=\"font-weight: 400;\">\u00a0<\/span><i><span style=\"font-weight: 400;\">Est\u00eav\u00e3o Antunes<\/span><\/i><span style=\"font-weight: 400;\"><br \/>\n<\/span><b>M\u00fasica Original e Ambiente Sonoro<\/b><span style=\"font-weight: 400;\">\u00a0<\/span><i><span style=\"font-weight: 400;\">Francisco Madureira<\/span><\/i><span style=\"font-weight: 400;\"><br \/>\n<\/span><b>Direc\u00e7\u00e3o de Arte<\/b><span style=\"font-weight: 400;\">\u00a0<\/span><i><span style=\"font-weight: 400;\">Teatro do Vestido<\/span><\/i><span style=\"font-weight: 400;\"><br \/>\n<\/span><b>Guarda-roupa<\/b><span style=\"font-weight: 400;\">\u00a0<\/span><i><span style=\"font-weight: 400;\">Ainhoa Vidal<\/span><\/i><span style=\"font-weight: 400;\"><br \/>\n<\/span><b>Apoio Criativo em V\u00e1rias Frentes<\/b><span style=\"font-weight: 400;\">\u00a0<\/span><i><span style=\"font-weight: 400;\">T\u00e2nia Guerreiro<\/span><\/i><span style=\"font-weight: 400;\"><br \/>\n<\/span><b>Direc\u00e7\u00e3o de Produ\u00e7\u00e3o<\/b><span style=\"font-weight: 400;\">\u00a0<\/span><i><span style=\"font-weight: 400;\">Ala\u00edde Costa<\/span><\/i><span style=\"font-weight: 400;\"><br \/>\n<\/span><b>Assist\u00eancia de Produ\u00e7\u00e3o<\/b><span style=\"font-weight: 400;\">\u00a0<\/span><i><span style=\"font-weight: 400;\">Jo\u00e3o Ferreira<\/span><\/i><span style=\"font-weight: 400;\"><br \/>\n<\/span><b>Gest\u00e3o Financeira<\/b><span style=\"font-weight: 400;\">\u00a0<\/span><i><span style=\"font-weight: 400;\">Leoc\u00e1dia Silva<\/span><\/i><\/p>\n<p><b>com<\/b><span style=\"font-weight: 400;\">\u00a0<\/span><i><span style=\"font-weight: 400;\">Ainhoa Vidal, In\u00eas Monteiro, In\u00eas Rosado, Joana Craveiro, Joana Margarida Lis, J\u00falia Guerra, T\u00e2nia Guerreiro, Vera Bibi<\/span><\/i><\/p>\n<p><b>Figura\u00e7\u00e3o<\/b><span style=\"font-weight: 400;\">\u00a0<\/span><i><span style=\"font-weight: 400;\">S\u00f3nia Guerra, Tatiana Damaya<\/span><\/i><\/p>\n<p><span style=\"font-weight: 400;\">S\u00f3nia Guerra e Tatiana Damaya participam neste projecto no contexto de est\u00e1gio curricular, ao abrigo de protocolo entre o Teatro do Vestido e ESAD.CR<\/p>\n<p><strong>Foto:<\/strong> Still &#8220;Elas tamb\u00e9m estiveram l\u00e1&#8221;<\/span><\/p>\n<p style=\"text-align: left;\"><em>O Teatro do Vestido \u00e9 uma estrutura financiada pela Rep\u00fablica Portuguesa \u2013 Cultura |\u00a0<a style=\"color: #0066cc;\" href=\"http:\/\/https:\/\/www.dgartes.gov.pt\/\">Dire\u00e7\u00e3o Geral das Artes<\/a>\u00a0<\/em><\/p>\n<p>&nbsp;<\/p>\n<p>&nbsp;<\/p>\n","protected":false},"excerpt":{"rendered":"<p>Elas tamb\u00e9m estiveram l\u00e1 com realiza\u00e7\u00e3o de Joana Craveiro e produ\u00e7\u00e3o do Teatro do Vestido 17 de Fevereiro 2022, 21h30 Audit\u00f3rio Municipal de Pinhal Novo \u2013 Palmela Olhares do Mediterr\u00e2neo \u2013 Festival de Cinema Feminino | Extens\u00e3o Palmela +info\u00a0 aqui &hellip; <a href=\"http:\/\/teatrodovestido.org\/blog\/?p=10378\">Continue reading <span class=\"meta-nav\">&rarr;<\/span><\/a><\/p>\n","protected":false},"author":1,"featured_media":0,"comment_status":"closed","ping_status":"closed","sticky":false,"template":"","format":"standard","meta":{"footnotes":""},"categories":[1],"tags":[],"class_list":["post-10378","post","type-post","status-publish","format-standard","hentry","category-tdv"],"_links":{"self":[{"href":"http:\/\/teatrodovestido.org\/blog\/index.php?rest_route=\/wp\/v2\/posts\/10378"}],"collection":[{"href":"http:\/\/teatrodovestido.org\/blog\/index.php?rest_route=\/wp\/v2\/posts"}],"about":[{"href":"http:\/\/teatrodovestido.org\/blog\/index.php?rest_route=\/wp\/v2\/types\/post"}],"author":[{"embeddable":true,"href":"http:\/\/teatrodovestido.org\/blog\/index.php?rest_route=\/wp\/v2\/users\/1"}],"replies":[{"embeddable":true,"href":"http:\/\/teatrodovestido.org\/blog\/index.php?rest_route=%2Fwp%2Fv2%2Fcomments&post=10378"}],"version-history":[{"count":16,"href":"http:\/\/teatrodovestido.org\/blog\/index.php?rest_route=\/wp\/v2\/posts\/10378\/revisions"}],"predecessor-version":[{"id":10421,"href":"http:\/\/teatrodovestido.org\/blog\/index.php?rest_route=\/wp\/v2\/posts\/10378\/revisions\/10421"}],"wp:attachment":[{"href":"http:\/\/teatrodovestido.org\/blog\/index.php?rest_route=%2Fwp%2Fv2%2Fmedia&parent=10378"}],"wp:term":[{"taxonomy":"category","embeddable":true,"href":"http:\/\/teatrodovestido.org\/blog\/index.php?rest_route=%2Fwp%2Fv2%2Fcategories&post=10378"},{"taxonomy":"post_tag","embeddable":true,"href":"http:\/\/teatrodovestido.org\/blog\/index.php?rest_route=%2Fwp%2Fv2%2Ftags&post=10378"}],"curies":[{"name":"wp","href":"https:\/\/api.w.org\/{rel}","templated":true}]}}