{"id":10371,"date":"2022-01-14T17:52:35","date_gmt":"2022-01-14T17:52:35","guid":{"rendered":"http:\/\/teatrodovestido.org\/?p=10371"},"modified":"2022-01-26T14:19:40","modified_gmt":"2022-01-26T14:19:40","slug":"aquilo-que-ouviamos-teatro-carlos-alberto-porto","status":"publish","type":"post","link":"http:\/\/teatrodovestido.org\/blog\/?p=10371","title":{"rendered":"AQUILO QUE OUV\u00cdAMOS | TEATRO CARLOS ALBERTO &#8211; PORTO | CANCELADO"},"content":{"rendered":"<p><span style=\"color: #000000;\"><b>AQUILO QUE OUV\u00cdAMOS<br \/>\n<\/b><span style=\"color: #0c0c0c;\">O espet\u00e1culo\u00a0<\/span><em style=\"color: #0c0c0c;\">Aquilo que Ouv\u00edamos<\/em><span style=\"color: #0c0c0c;\">\u00a0foi cancelado, por motivo de isolamento profil\u00e1tico de um elemento do elenco.\u00a0Os espectadores que tiverem adquirido bilhetes ser\u00e3o contactados ou poder\u00e3o entrar em contacto com os servi\u00e7os de bilheteira do S\u00e3o Jo\u00e3o, atrav\u00e9s do n\u00famero 22 340 19 10 ou do e-mail\u00a0<a style=\"color: #000000;\" href=\"mailto:bilheteira@tnsj.pt\">bilheteira@tnsj.pt<\/a>, para garantir a troca ou o reembolso dos ingressos. Agradecemos a sua compreens\u00e3o.<\/span><\/span><\/p>\n<p><a href=\"http:\/\/teatrodovestido.org\/blog\/wp-content\/uploads\/2021\/06\/JPS4257-e1624189494511.jpg\"><img loading=\"lazy\" decoding=\"async\" class=\"alignleft wp-image-10294 size-large\" src=\"http:\/\/teatrodovestido.org\/blog\/wp-content\/uploads\/2021\/06\/JPS4257-1024x683.jpg\" alt=\"_JPS4257\" width=\"640\" height=\"426\" \/><\/a><br \/>\nfoto (c) Jo\u00e3o Paulo Serafim<\/p>\n<p><strong>Aquilo que ouv\u00edamos<\/strong><\/p>\n<p style=\"text-align: right;\"><em>era exactamente assim que era<br \/>\n<\/em><em>se nos lembr\u00e1ssemos de como era<br \/>\n<\/em><em>e,<br \/>\n<\/em><em>de certa forma,<br \/>\n<\/em><em>lembramo-nos.<\/em><\/p>\n<p>&nbsp;<\/p>\n<p>\u2018Est\u00e1 a gravar?\u2019<br \/>\nDesta vez volt\u00e1mos para n\u00f3s pr\u00f3prios o gravador.<\/p>\n<p>Convid\u00e1mos uma banda (3 m\u00fasicos) e mais 2 m\u00fasicos, num total de 5, para que, no barulho ensurdecedor que fazem (chama-se m\u00fasica, p\u00e1!, ah, pois \u00e9), n\u00e3o nos deixarem pensar <em>assim muito<\/em>. Lembrarmo-nos, chega. Contar uns aos outros, chega. Dan\u00e7ar, tamb\u00e9m. Cantar, por vezes, trautear, outras. Outras, s\u00f3 ficar a ouvir, chega.<\/p>\n<p>Desta vez, volt\u00e1mos para n\u00f3s o gravador.<br \/>\nEst\u00e1 a gravar, sim, o que \u00e9 contas sobre isto?<\/p>\n<p><strong><em>Aquilo que ouv\u00edamos<\/em><\/strong> parte das nossas experi\u00eancias de escuta de m\u00fasica alternativa \u2013 de diferentes estilos \u2013 de meados dos anos 80 \u00e0 passagem para os anos 90 (sendo que, em cena, est\u00e3o diferentes gera\u00e7\u00f5es, por isso ser\u00e1 mais rigoroso dizer que se estende no tempo para al\u00e9m [e antes] desse tempo). \u00c9, sobretudo, um espect\u00e1culo sobre como a m\u00fasica foi e \u00e9 parte da identidade das pessoas que a escutam, e sobre um tempo em que a materialidade da m\u00fasica era crucial e em que muitas das nossas actividades e viv\u00eancias se organizavam em torno disso.<\/p>\n<p>Por exemplo, comprar vinis com parcas mesadas, troc\u00e1-los no p\u00e1tio da escola secund\u00e1ria, fazer amigos por causa disso, comprar cassetes para gravar esses vinis, que assim se multiplicavam, ou comprar cassetes de concertos mesmo raros e mesmo mal gravados mas muito preciosos, ou cassetes gravadas com programas de r\u00e1dio feitos por n\u00f3s e para n\u00f3s. Ou, quando aquilo que ouv\u00edamos era muito daquilo que <em>n\u00f3s \u00e9ramos<\/em> \u2013 ou, como a m\u00fasica nos conferia uma identidade. <strong><em>Aquilo que ouv\u00edamos<\/em><\/strong> leva-nos numa viagem por hist\u00f3rias pessoais de rela\u00e7\u00e3o com a m\u00fasica e o seu consumo, que criaram e definiram identidades ao longo do tempo que ainda perduram.<\/p>\n<p><!--more--><\/p>\n<p><strong>TEXTO E DIREC\u00c7\u00c3O\u00a0<\/strong>JOANA CRAVEIRO<\/p>\n<p><strong>CO-CRIA\u00c7\u00c3O E INTERPRETA\u00c7\u00c3O\u00a0<\/strong>EST\u00caV\u00c3O ANTUNES, IN\u00caS ROSADO, JOANA CRAVEIRO, T\u00c2NIA GUERREIRO<\/p>\n<p><strong>M\u00daSICOS CONVIDADOS (COCRIA\u00c7\u00c3O, COMPOSI\u00c7\u00c3O E INTERPRETA\u00c7\u00c3O)\u00a0<\/strong>BRUNO PINTO, FRANCISCO MADUREIRA, LOOSERS (JOS\u00c9 MIGUEL RODRIGUES, RUI D\u00c2MASO E TIAGO MIRANDA)<\/p>\n<p><strong>PARTICIPA\u00c7\u00c3O ESPECIAL\u00a0<\/strong>RICARDO JER\u00d3NIMO, S\u00d3NIA GUERRA, TATIANA DAMAYA<\/p>\n<p><strong>COLABORA\u00c7\u00c3O CRIATIVA\u00a0<\/strong>S\u00c9RGIO HYDALGO<\/p>\n<p><strong>CENOGRAFIA<\/strong> CARLA MARTINEZ<\/p>\n<p><strong>FIGURINOS<\/strong> T\u00c2NIA GUERREIRO<\/p>\n<p><strong>IMAGEM<\/strong> JO\u00c3O PAULO SERAFIM<\/p>\n<p><strong>V\u00cdDEO DIRETO<\/strong> JO\u00c3O PAULO SERAFIM, HENRIQUE ANTUNES, S\u00d3NIA GUERRA, TATIANA DAMAYA<\/p>\n<p><strong>DESENHO DE LUZ E OPERA\u00c7\u00c3O<\/strong> LEOC\u00c1DIA SILVA<\/p>\n<p><strong>DESENHO DE SOM<\/strong> PEDRO BAPTISTA, S\u00c9RGIO MILHANO (PONTOZURCA)<\/p>\n<p><strong>OPERA\u00c7\u00c3O DE SOM<\/strong> PEDRO BAPTISTA<\/p>\n<p><strong>DIRE\u00c7\u00c3O DE PRODU\u00c7\u00c3O<\/strong> ALA\u00cdDE COSTA<\/p>\n<p><strong>CO-PRODU\u00c7\u00c3O<\/strong> EGEAC \u2013 PROGRAMA\u00c7\u00c3O EM ESPA\u00c7O P\u00daBLICO, S\u00c3O LUIZ TEATRO MUNICIPAL, TEATRO DO VESTIDO, TEATRO NACIONAL S\u00c3O JO\u00c3O<\/p>\n<p><strong>APOIOS<\/strong> CENTRO CULTURAL VILA FLOR, FX ROADLIGHTS, ZDB<\/p>\n<p><em>O Teatro do Vestido \u00e9 uma estrutura financiada por Rep\u00fablica Portuguesa &#8211; Cultura | DGARTES<\/em><\/p>\n","protected":false},"excerpt":{"rendered":"<p>AQUILO QUE OUV\u00cdAMOS O espet\u00e1culo\u00a0Aquilo que Ouv\u00edamos\u00a0foi cancelado, por motivo de isolamento profil\u00e1tico de um elemento do elenco.\u00a0Os espectadores que tiverem adquirido bilhetes ser\u00e3o contactados ou poder\u00e3o entrar em contacto com os servi\u00e7os de bilheteira do S\u00e3o Jo\u00e3o, atrav\u00e9s do &hellip; <a href=\"http:\/\/teatrodovestido.org\/blog\/?p=10371\">Continue reading <span class=\"meta-nav\">&rarr;<\/span><\/a><\/p>\n","protected":false},"author":1,"featured_media":0,"comment_status":"closed","ping_status":"closed","sticky":false,"template":"","format":"standard","meta":{"footnotes":""},"categories":[1],"tags":[],"class_list":["post-10371","post","type-post","status-publish","format-standard","hentry","category-tdv"],"_links":{"self":[{"href":"http:\/\/teatrodovestido.org\/blog\/index.php?rest_route=\/wp\/v2\/posts\/10371"}],"collection":[{"href":"http:\/\/teatrodovestido.org\/blog\/index.php?rest_route=\/wp\/v2\/posts"}],"about":[{"href":"http:\/\/teatrodovestido.org\/blog\/index.php?rest_route=\/wp\/v2\/types\/post"}],"author":[{"embeddable":true,"href":"http:\/\/teatrodovestido.org\/blog\/index.php?rest_route=\/wp\/v2\/users\/1"}],"replies":[{"embeddable":true,"href":"http:\/\/teatrodovestido.org\/blog\/index.php?rest_route=%2Fwp%2Fv2%2Fcomments&post=10371"}],"version-history":[{"count":5,"href":"http:\/\/teatrodovestido.org\/blog\/index.php?rest_route=\/wp\/v2\/posts\/10371\/revisions"}],"predecessor-version":[{"id":10377,"href":"http:\/\/teatrodovestido.org\/blog\/index.php?rest_route=\/wp\/v2\/posts\/10371\/revisions\/10377"}],"wp:attachment":[{"href":"http:\/\/teatrodovestido.org\/blog\/index.php?rest_route=%2Fwp%2Fv2%2Fmedia&parent=10371"}],"wp:term":[{"taxonomy":"category","embeddable":true,"href":"http:\/\/teatrodovestido.org\/blog\/index.php?rest_route=%2Fwp%2Fv2%2Fcategories&post=10371"},{"taxonomy":"post_tag","embeddable":true,"href":"http:\/\/teatrodovestido.org\/blog\/index.php?rest_route=%2Fwp%2Fv2%2Ftags&post=10371"}],"curies":[{"name":"wp","href":"https:\/\/api.w.org\/{rel}","templated":true}]}}