{"id":10358,"date":"2021-12-27T18:52:20","date_gmt":"2021-12-27T18:52:20","guid":{"rendered":"http:\/\/teatrodovestido.org\/?p=10358"},"modified":"2022-01-06T18:57:52","modified_gmt":"2022-01-06T18:57:52","slug":"teatro-do-vestido-balanco-2021","status":"publish","type":"post","link":"http:\/\/teatrodovestido.org\/blog\/?p=10358","title":{"rendered":"Teatro do Vestido | Balan\u00e7o 2021"},"content":{"rendered":"<p><em><strong>Juventude Inquieta<\/strong><\/em><\/p>\n<p><a href=\"http:\/\/teatrodovestido.org\/blog\/wp-content\/uploads\/2022\/01\/270071306_5262782417085002_1351097171616645345_n.jpg\"><img loading=\"lazy\" decoding=\"async\" class=\"alignleft wp-image-10359\" src=\"http:\/\/teatrodovestido.org\/blog\/wp-content\/uploads\/2022\/01\/270071306_5262782417085002_1351097171616645345_n-300x200.jpg\" alt=\"270071306_5262782417085002_1351097171616645345_n\" width=\"560\" height=\"374\" srcset=\"http:\/\/teatrodovestido.org\/blog\/wp-content\/uploads\/2022\/01\/270071306_5262782417085002_1351097171616645345_n-300x200.jpg 300w, http:\/\/teatrodovestido.org\/blog\/wp-content\/uploads\/2022\/01\/270071306_5262782417085002_1351097171616645345_n-500x333.jpg 500w, http:\/\/teatrodovestido.org\/blog\/wp-content\/uploads\/2022\/01\/270071306_5262782417085002_1351097171616645345_n.jpg 809w\" sizes=\"(max-width: 560px) 100vw, 560px\" \/><\/a><\/p>\n<p>&nbsp;<\/p>\n<p>&nbsp;<\/p>\n<p>&nbsp;<\/p>\n<p>&nbsp;<\/p>\n<p>&nbsp;<\/p>\n<p>&nbsp;<\/p>\n<p>&nbsp;<\/p>\n<p>&nbsp;<\/p>\n<p>&nbsp;<\/p>\n<p><span style=\"color: #050505;\"><em>Com &#8216;Juventude Inquieta&#8217;, o Teatro do Vestido ofereceu-nos mais uma obra-prima que resgata o bom nome do idealismo e nos p\u00f5e a pensar como aqui se chegou e o que fazer para um dia destes arribarmos a algum lado onde a palavra progresso fa\u00e7a sentido.\u00a0<\/em>\u00a0&#8211;\u00a0<\/span>Rui Monteiro in <a href=\"https:\/\/www.publico.pt\/2021\/12\/24\/culturaipsilon\/noticia\/ups-joana-craveiro-voltou-fazelo-1989580\">P\u00fablico<\/a>, &#8220;Revista do ano&#8221; &#8211; 24\/12\/2021<\/p>\n<p>Foto: Filipe Ferreira<br \/>\nCo-produ\u00e7\u00e3o: Teatro do Vestido, <a href=\"https:\/\/www.tndm.pt\/\">Teatro Nacional D. Maria II<\/a>, <a href=\"https:\/\/www.teatroviriato.com\/\">Teatro Viriato<\/a><\/p>\n<p>&nbsp;<\/p>\n<p><em><strong>Aquilo que ouv\u00edamos<\/strong><\/em><\/p>\n<p><a href=\"http:\/\/teatrodovestido.org\/blog\/wp-content\/uploads\/2021\/06\/JPS4257-e1624189494511.jpg\"><img loading=\"lazy\" decoding=\"async\" class=\"alignleft wp-image-10294\" src=\"http:\/\/teatrodovestido.org\/blog\/wp-content\/uploads\/2021\/06\/JPS4257-300x200.jpg\" alt=\"_JPS4257\" width=\"560\" height=\"374\" \/><\/a><\/p>\n<p>&nbsp;<\/p>\n<p>&nbsp;<\/p>\n<p>&nbsp;<\/p>\n<p>&nbsp;<\/p>\n<p>&nbsp;<\/p>\n<p>&nbsp;<\/p>\n<p>&nbsp;<\/p>\n<p>&nbsp;<\/p>\n<p>&nbsp;<\/p>\n<p><em>Desta vez, o ponto de partida foi aquilo que as pessoas como Joana Craveiro e outros elementos do Teatro do Vestido ouviam nos anos 80\/90 &#8211; os discos, a r\u00e1dio, os concertos. A m\u00fasica poderia ser uma fonte de prazer, um sinal de n\u00e3o conformismo e uma esp\u00e9cie de elo de liga\u00e7\u00e3o entre pessoas que nem sequer se conheciam. Fiel ao seu trabalho de teatro documental, Joana Craveiro inovou mais uma vez, criando um espect\u00e1culo para uma discoteca, que trabalha com mecanismos da mem\u00f3ria e que convoca o formato de um concerto rock.<\/em> &#8211; Jo\u00e3o Carneiro\u00a0in <a href=\"https:\/\/expresso.pt\/Capas\/2021-12-10-Os-melhores-de-2021-na-Cultura-a-capa-da-revista-E-2a3b470c\">Expresso\u00a0<\/a>, &#8220;Os melhores de 2021&#8221; &#8211; 11\/12\/2021<\/p>\n<p>Foto: Jo\u00e3o Paulo Serafim<br \/>\nCo-produ\u00e7\u00e3o: Teatro do Vestido, <a href=\"https:\/\/egeac.pt\/\">EGEAC<\/a> &#8211; <a href=\"https:\/\/www.culturanarua.pt\/\">Programa\u00e7\u00e3o para o Espa\u00e7o P\u00fablico<\/a>,<a href=\"https:\/\/www.teatrosaoluiz.pt\/\"> S\u00e3o Luiz Teatro Municipal<\/a><\/p>\n<p>&nbsp;<\/p>\n<p><em style=\"color: #333333;\">O Teatro do Vestido tem o apoio de Rep\u00fablica Portuguesa \u2013 Cultura |\u00a0<a href=\"http:\/\/www.dgartes.gov.pt\/\">DGARTES<\/a><\/em><\/p>\n","protected":false},"excerpt":{"rendered":"<p>Juventude Inquieta &nbsp; &nbsp; &nbsp; &nbsp; &nbsp; &nbsp; &nbsp; &nbsp; &nbsp; Com &#8216;Juventude Inquieta&#8217;, o Teatro do Vestido ofereceu-nos mais uma obra-prima que resgata o bom nome do idealismo e nos p\u00f5e a pensar como aqui se chegou e o &hellip; <a href=\"http:\/\/teatrodovestido.org\/blog\/?p=10358\">Continue reading <span class=\"meta-nav\">&rarr;<\/span><\/a><\/p>\n","protected":false},"author":1,"featured_media":0,"comment_status":"closed","ping_status":"closed","sticky":false,"template":"","format":"standard","meta":{"footnotes":""},"categories":[1],"tags":[],"class_list":["post-10358","post","type-post","status-publish","format-standard","hentry","category-tdv"],"_links":{"self":[{"href":"http:\/\/teatrodovestido.org\/blog\/index.php?rest_route=\/wp\/v2\/posts\/10358"}],"collection":[{"href":"http:\/\/teatrodovestido.org\/blog\/index.php?rest_route=\/wp\/v2\/posts"}],"about":[{"href":"http:\/\/teatrodovestido.org\/blog\/index.php?rest_route=\/wp\/v2\/types\/post"}],"author":[{"embeddable":true,"href":"http:\/\/teatrodovestido.org\/blog\/index.php?rest_route=\/wp\/v2\/users\/1"}],"replies":[{"embeddable":true,"href":"http:\/\/teatrodovestido.org\/blog\/index.php?rest_route=%2Fwp%2Fv2%2Fcomments&post=10358"}],"version-history":[{"count":10,"href":"http:\/\/teatrodovestido.org\/blog\/index.php?rest_route=\/wp\/v2\/posts\/10358\/revisions"}],"predecessor-version":[{"id":10369,"href":"http:\/\/teatrodovestido.org\/blog\/index.php?rest_route=\/wp\/v2\/posts\/10358\/revisions\/10369"}],"wp:attachment":[{"href":"http:\/\/teatrodovestido.org\/blog\/index.php?rest_route=%2Fwp%2Fv2%2Fmedia&parent=10358"}],"wp:term":[{"taxonomy":"category","embeddable":true,"href":"http:\/\/teatrodovestido.org\/blog\/index.php?rest_route=%2Fwp%2Fv2%2Fcategories&post=10358"},{"taxonomy":"post_tag","embeddable":true,"href":"http:\/\/teatrodovestido.org\/blog\/index.php?rest_route=%2Fwp%2Fv2%2Ftags&post=10358"}],"curies":[{"name":"wp","href":"https:\/\/api.w.org\/{rel}","templated":true}]}}