{"id":10349,"date":"2021-11-18T18:25:40","date_gmt":"2021-11-18T18:25:40","guid":{"rendered":"http:\/\/teatrodovestido.org\/?p=10349"},"modified":"2022-01-06T18:26:24","modified_gmt":"2022-01-06T18:26:24","slug":"viagem-a-portugal-paragem-alentejo","status":"publish","type":"post","link":"http:\/\/teatrodovestido.org\/blog\/?p=10349","title":{"rendered":"Viagem a Portugal &#8211; Paragem Alentejo"},"content":{"rendered":"<div class=\"cxmmr5t8 oygrvhab hcukyx3x c1et5uql o9v6fnle ii04i59q\">\n<div dir=\"auto\"><\/div>\n<div dir=\"auto\"><a href=\"http:\/\/teatrodovestido.org\/blog\/wp-content\/uploads\/2022\/01\/259169634_5101394843223761_8698331153253118618_n.jpg\"><img loading=\"lazy\" decoding=\"async\" class=\"alignleft wp-image-10350 size-medium\" src=\"http:\/\/teatrodovestido.org\/blog\/wp-content\/uploads\/2022\/01\/259169634_5101394843223761_8698331153253118618_n-240x300.jpg\" alt=\"Mapa Alentejo\" width=\"240\" height=\"300\" srcset=\"http:\/\/teatrodovestido.org\/blog\/wp-content\/uploads\/2022\/01\/259169634_5101394843223761_8698331153253118618_n-240x300.jpg 240w, http:\/\/teatrodovestido.org\/blog\/wp-content\/uploads\/2022\/01\/259169634_5101394843223761_8698331153253118618_n-400x500.jpg 400w, http:\/\/teatrodovestido.org\/blog\/wp-content\/uploads\/2022\/01\/259169634_5101394843223761_8698331153253118618_n.jpg 512w\" sizes=\"(max-width: 240px) 100vw, 240px\" \/><\/a><\/div>\n<div dir=\"auto\"><\/div>\n<div dir=\"auto\"><\/div>\n<div dir=\"auto\">\n<div dir=\"auto\"><\/div>\n<div dir=\"auto\"><\/div>\n<div dir=\"auto\"><\/div>\n<div dir=\"auto\"><\/div>\n<div dir=\"auto\"><\/div>\n<div dir=\"auto\"><\/div>\n<div dir=\"auto\"><\/div>\n<div dir=\"auto\"><\/div>\n<div dir=\"auto\"><\/div>\n<div dir=\"auto\"><\/div>\n<div dir=\"auto\"><\/div>\n<div dir=\"auto\"><\/div>\n<div dir=\"auto\"><\/div>\n<div dir=\"auto\"><\/div>\n<div dir=\"auto\"><\/div>\n<div dir=\"auto\"><\/div>\n<div dir=\"auto\"><\/div>\n<div dir=\"auto\"><\/div>\n<div dir=\"auto\">\n<div class=\"cxmmr5t8 oygrvhab hcukyx3x c1et5uql o9v6fnle ii04i59q\">\n<div dir=\"auto\">O Teatro do Vestido retoma o trabalho de pesquisa e recolha de viv\u00eancias e hist\u00f3rias de vida, nas localidades de Santiago do Cac\u00e9m e Odemira.<\/div>\n<\/div>\n<div class=\"cxmmr5t8 oygrvhab hcukyx3x c1et5uql o9v6fnle ii04i59q\">\n<div dir=\"auto\">Fiquem atentos aos nossos Di\u00e1rios de Campo.<\/div>\n<\/div>\n<div class=\"cxmmr5t8 oygrvhab hcukyx3x c1et5uql o9v6fnle ii04i59q\">\n<div dir=\"auto\">Viagem a Portugal &#8211; Paragem Alentejo \u00e9 uma co-produ\u00e7\u00e3o com <a class=\"oajrlxb2 g5ia77u1 qu0x051f esr5mh6w e9989ue4 r7d6kgcz rq0escxv nhd2j8a9 nc684nl6 p7hjln8o kvgmc6g5 cxmmr5t8 oygrvhab hcukyx3x jb3vyjys rz4wbd8a qt6c0cv9 a8nywdso i1ao9s8h esuyzwwr f1sip0of lzcic4wl gpro0wi8 q66pz984 b1v8xokw\" style=\"color: var(--accent);\" tabindex=\"0\" href=\"https:\/\/www.facebook.com\/lavraromar?__cft__[0]=AZU6GoXW6GKMa3OcS8aCvKMqtZTznAvTZc7LZEIcCncvdnunFzmq_LRb4ZnnmEg2AO69BswhxMocqzfPMZPPvqQBHlwR_LO7T57KeGJJDGXdoWRR6Z-0ZPyTYzYpTK1GaRI9sjst9qWO9LRboAggyvWkUmtJindVN2W2Kihx2y6W9rKb8kkef1VrfUI16CV1Uzs&amp;__tn__=-]K-R\"><span class=\"nc684nl6\">Lavrar o Mar<\/span><\/a> , e tem estreias marcadas para Fevereiro e Mar\u00e7o 2022.<\/div>\n<div dir=\"auto\"><\/div>\n<\/div>\n<\/div>\n<div dir=\"auto\"><\/div>\n<div dir=\"auto\"><\/div>\n<div dir=\"auto\"><\/div>\n<div dir=\"auto\"><\/div>\n<div dir=\"auto\"><\/div>\n<div dir=\"auto\"><\/div>\n<div dir=\"auto\"><\/div>\n<div dir=\"auto\"><\/div>\n<div dir=\"auto\"><\/div>\n<div dir=\"auto\"><\/div>\n<div dir=\"auto\"><\/div>\n<div dir=\"auto\"><\/div>\n<div dir=\"auto\"><\/div>\n<div dir=\"auto\"><\/div>\n<div dir=\"auto\"><\/div>\n<div dir=\"auto\"><\/div>\n<div dir=\"auto\"><\/div>\n<div dir=\"auto\"><\/div>\n<div dir=\"auto\"><\/div>\n<div dir=\"auto\"><\/div>\n<div dir=\"auto\"><\/div>\n<div dir=\"auto\"><\/div>\n<div dir=\"auto\"><\/div>\n<div dir=\"auto\"><em>O Teatro do Vestido tem o apoio de Rep\u00fablica Portuguesa &#8211; Cultura | <a href=\"http:\/\/www.dgartes.gov.pt\">DGARTES<\/a><\/em><\/div>\n<\/div>\n<\/div>\n","protected":false},"excerpt":{"rendered":"<p>O Teatro do Vestido retoma o trabalho de pesquisa e recolha de viv\u00eancias e hist\u00f3rias de vida, nas localidades de Santiago do Cac\u00e9m e Odemira. Fiquem atentos aos nossos Di\u00e1rios de Campo. Viagem a Portugal &#8211; Paragem Alentejo \u00e9 uma &hellip; <a href=\"http:\/\/teatrodovestido.org\/blog\/?p=10349\">Continue reading <span class=\"meta-nav\">&rarr;<\/span><\/a><\/p>\n","protected":false},"author":1,"featured_media":0,"comment_status":"closed","ping_status":"closed","sticky":false,"template":"","format":"standard","meta":{"footnotes":""},"categories":[1],"tags":[],"class_list":["post-10349","post","type-post","status-publish","format-standard","hentry","category-tdv"],"_links":{"self":[{"href":"http:\/\/teatrodovestido.org\/blog\/index.php?rest_route=\/wp\/v2\/posts\/10349"}],"collection":[{"href":"http:\/\/teatrodovestido.org\/blog\/index.php?rest_route=\/wp\/v2\/posts"}],"about":[{"href":"http:\/\/teatrodovestido.org\/blog\/index.php?rest_route=\/wp\/v2\/types\/post"}],"author":[{"embeddable":true,"href":"http:\/\/teatrodovestido.org\/blog\/index.php?rest_route=\/wp\/v2\/users\/1"}],"replies":[{"embeddable":true,"href":"http:\/\/teatrodovestido.org\/blog\/index.php?rest_route=%2Fwp%2Fv2%2Fcomments&post=10349"}],"version-history":[{"count":5,"href":"http:\/\/teatrodovestido.org\/blog\/index.php?rest_route=\/wp\/v2\/posts\/10349\/revisions"}],"predecessor-version":[{"id":10355,"href":"http:\/\/teatrodovestido.org\/blog\/index.php?rest_route=\/wp\/v2\/posts\/10349\/revisions\/10355"}],"wp:attachment":[{"href":"http:\/\/teatrodovestido.org\/blog\/index.php?rest_route=%2Fwp%2Fv2%2Fmedia&parent=10349"}],"wp:term":[{"taxonomy":"category","embeddable":true,"href":"http:\/\/teatrodovestido.org\/blog\/index.php?rest_route=%2Fwp%2Fv2%2Fcategories&post=10349"},{"taxonomy":"post_tag","embeddable":true,"href":"http:\/\/teatrodovestido.org\/blog\/index.php?rest_route=%2Fwp%2Fv2%2Ftags&post=10349"}],"curies":[{"name":"wp","href":"https:\/\/api.w.org\/{rel}","templated":true}]}}