{"id":10341,"date":"2021-11-18T17:20:02","date_gmt":"2021-11-18T17:20:02","guid":{"rendered":"http:\/\/teatrodovestido.org\/?p=10341"},"modified":"2021-11-18T17:21:31","modified_gmt":"2021-11-18T17:21:31","slug":"elas-tambem-estiveram-la-distinguido-com-a-mencao-especial-do-juri-no-festival-de-cinema","status":"publish","type":"post","link":"http:\/\/teatrodovestido.org\/blog\/?p=10341","title":{"rendered":"&#8220;Elas tamb\u00e9m estiveram l\u00e1&#8221; distinguido com a Men\u00e7\u00e3o Especial do J\u00fari em Festival de Cinema"},"content":{"rendered":"<p>&nbsp;<\/p>\n<p><a href=\"http:\/\/teatrodovestido.org\/blog\/wp-content\/uploads\/2021\/11\/Captura-de-ecr\u00e3-2021-11-18-\u00e0s-12.06.50.png\"><img loading=\"lazy\" decoding=\"async\" class=\"alignleft size-full wp-image-10343\" src=\"http:\/\/teatrodovestido.org\/blog\/wp-content\/uploads\/2021\/11\/Captura-de-ecr\u00e3-2021-11-18-\u00e0s-12.06.50.png\" alt=\"Captura de ecr\u00e3 2021-11-18, \u00e0s 12.06.50\" width=\"860\" height=\"483\" srcset=\"http:\/\/teatrodovestido.org\/blog\/wp-content\/uploads\/2021\/11\/Captura-de-ecr\u00e3-2021-11-18-\u00e0s-12.06.50.png 860w, http:\/\/teatrodovestido.org\/blog\/wp-content\/uploads\/2021\/11\/Captura-de-ecr\u00e3-2021-11-18-\u00e0s-12.06.50-300x168.png 300w, http:\/\/teatrodovestido.org\/blog\/wp-content\/uploads\/2021\/11\/Captura-de-ecr\u00e3-2021-11-18-\u00e0s-12.06.50-500x280.png 500w\" sizes=\"(max-width: 860px) 100vw, 860px\" \/><\/a><\/p>\n<p>&nbsp;<\/p>\n<p><span style=\"color: #202020;\">O j\u00fari do festival\u00a0<\/span><a style=\"color: #007c89;\" href=\"https:\/\/teatrodovestido.us1.list-manage.com\/track\/click?u=bc722e346cdf4087fb65b691a&amp;id=ac3c49c7df&amp;e=e16f1fd072\" target=\"_blank\" rel=\"noreferrer\"><em>Olhares do Mediterr\u00e2neo &#8211; Women&#8217;s Film Festival<\/em>,<\/a><span style=\"color: #202020;\">\u00a0constitu\u00eddo pela cineasta portuguesa Margarida Gil, pelo director do\u00a0<\/span><em style=\"color: #202020;\">Beitut International Women Film Festival<\/em><span style=\"color: #202020;\">\u00a0Sam Lahoud e pela cineasta eslovena Sonja Prosenc, distinguiu o filme &#8220;<\/span><em style=\"color: #202020;\">Elas tamb\u00e9m estiveram l\u00e1<\/em><span style=\"color: #202020;\">&#8221; com Men\u00e7\u00e3o Especial do J\u00fari, no passado domingo dia 14 de Novembro.<\/span><br style=\"color: #202020;\" \/><br style=\"color: #202020;\" \/><em>&#8220;<span style=\"color: #202020;\">Pela imensa criatividade, mistura de formatos, do teatro \u00e0 reportagem, filme de arquivo e linha pedag\u00f3gica e\u00a0uma rara erudi\u00e7\u00e3o de Cinema, a fazer evocar as\u00a0Histoires du Cin\u00e9ma\u00a0de Godard, bem como a expl\u00edcita cita\u00e7\u00e3o de filmes portugueses. Mostra trabalho, ideias de cinema, intelig\u00eancia e humor.<\/span><span style=\"color: #202020;\">&#8220;<\/span><\/em><br style=\"color: #202020;\" \/><br style=\"color: #202020;\" \/><br style=\"color: #202020;\" \/><span style=\"color: #202020;\">O filme foi apresentado pela primeira vez em sala na 8\u00aa edi\u00e7\u00e3o do festival internacional dedicado \u00e0 cinematografia feminina, no Cinema S\u00e3o Jorge, ap\u00f3s ter estado dispon\u00edvel online em Abril de 2021 no \u00e2mbito da programa\u00e7\u00e3o da\u00a0<\/span><a style=\"color: #007c89;\" href=\"https:\/\/teatrodovestido.us1.list-manage.com\/track\/click?u=bc722e346cdf4087fb65b691a&amp;id=c106b05790&amp;e=e16f1fd072\" target=\"_blank\" rel=\"noreferrer\">EGEAC<\/a><em style=\"color: #202020;\">\u00a0Abril em Lisboa<\/em><span style=\"color: #202020;\">.<\/span><br style=\"color: #202020;\" \/><br style=\"color: #202020;\" \/><span style=\"color: #202020;\">Objecto art\u00edstico h\u00edbrido, seguindo a linguagem de uma historiografia e etnografia po\u00e9ticas levadas a cabo pelo Teatro do Vestido, o filme retrata e conta a vida de diversas mulheres e o seu papel em momentos determinantes da hist\u00f3ria portuguesa recente, bem como efectuando uma cartografia afectiva de lugares e da sua rela\u00e7\u00e3o com as mulheres que os percorreram.\u00a0<\/span><br style=\"color: #202020;\" \/><br style=\"color: #202020;\" \/><br style=\"color: #202020;\" \/><em style=\"color: #202020;\">Elas tamb\u00e9m estiveram l\u00e1, <\/em>originalmente um espect\u00e1culo de teatro estreado em 2018,\u00a0<span style=\"color: #202020;\">\u00a0foi nomeado para melhor Texto Portugu\u00eas Representado pela SPA, em 2019.<\/span><\/p>\n<p>Trailer dispon\u00edvel <a href=\"https:\/\/vimeo.com\/636994904\">aqui.<\/a><\/p>\n","protected":false},"excerpt":{"rendered":"<p>&nbsp; &nbsp; O j\u00fari do festival\u00a0Olhares do Mediterr\u00e2neo &#8211; Women&#8217;s Film Festival,\u00a0constitu\u00eddo pela cineasta portuguesa Margarida Gil, pelo director do\u00a0Beitut International Women Film Festival\u00a0Sam Lahoud e pela cineasta eslovena Sonja Prosenc, distinguiu o filme &#8220;Elas tamb\u00e9m estiveram l\u00e1&#8221; com Men\u00e7\u00e3o &hellip; <a href=\"http:\/\/teatrodovestido.org\/blog\/?p=10341\">Continue reading <span class=\"meta-nav\">&rarr;<\/span><\/a><\/p>\n","protected":false},"author":1,"featured_media":0,"comment_status":"closed","ping_status":"closed","sticky":false,"template":"","format":"standard","meta":{"footnotes":""},"categories":[1],"tags":[],"class_list":["post-10341","post","type-post","status-publish","format-standard","hentry","category-tdv"],"_links":{"self":[{"href":"http:\/\/teatrodovestido.org\/blog\/index.php?rest_route=\/wp\/v2\/posts\/10341"}],"collection":[{"href":"http:\/\/teatrodovestido.org\/blog\/index.php?rest_route=\/wp\/v2\/posts"}],"about":[{"href":"http:\/\/teatrodovestido.org\/blog\/index.php?rest_route=\/wp\/v2\/types\/post"}],"author":[{"embeddable":true,"href":"http:\/\/teatrodovestido.org\/blog\/index.php?rest_route=\/wp\/v2\/users\/1"}],"replies":[{"embeddable":true,"href":"http:\/\/teatrodovestido.org\/blog\/index.php?rest_route=%2Fwp%2Fv2%2Fcomments&post=10341"}],"version-history":[{"count":4,"href":"http:\/\/teatrodovestido.org\/blog\/index.php?rest_route=\/wp\/v2\/posts\/10341\/revisions"}],"predecessor-version":[{"id":10347,"href":"http:\/\/teatrodovestido.org\/blog\/index.php?rest_route=\/wp\/v2\/posts\/10341\/revisions\/10347"}],"wp:attachment":[{"href":"http:\/\/teatrodovestido.org\/blog\/index.php?rest_route=%2Fwp%2Fv2%2Fmedia&parent=10341"}],"wp:term":[{"taxonomy":"category","embeddable":true,"href":"http:\/\/teatrodovestido.org\/blog\/index.php?rest_route=%2Fwp%2Fv2%2Fcategories&post=10341"},{"taxonomy":"post_tag","embeddable":true,"href":"http:\/\/teatrodovestido.org\/blog\/index.php?rest_route=%2Fwp%2Fv2%2Ftags&post=10341"}],"curies":[{"name":"wp","href":"https:\/\/api.w.org\/{rel}","templated":true}]}}