{"id":10330,"date":"2021-09-30T21:44:05","date_gmt":"2021-09-30T20:44:05","guid":{"rendered":"http:\/\/teatrodovestido.org\/?p=10330"},"modified":"2021-10-07T08:41:44","modified_gmt":"2021-10-07T07:41:44","slug":"estreia-juventude-inquieta-16-a-31-outubro-tndmii","status":"publish","type":"post","link":"http:\/\/teatrodovestido.org\/blog\/?p=10330","title":{"rendered":"Estreia &#8220;Juventude Inquieta&#8221; | 16 a 31 Outubro | TNDMII"},"content":{"rendered":"<p><a href=\"http:\/\/teatrodovestido.org\/blog\/wp-content\/uploads\/2021\/09\/JPS6459.jpg\"><img loading=\"lazy\" decoding=\"async\" class=\"alignleft size-large wp-image-10331\" src=\"http:\/\/teatrodovestido.org\/blog\/wp-content\/uploads\/2021\/09\/JPS6459-1024x642.jpg\" alt=\"_JPS6459\" width=\"640\" height=\"401\" srcset=\"http:\/\/teatrodovestido.org\/blog\/wp-content\/uploads\/2021\/09\/JPS6459-1024x642.jpg 1024w, http:\/\/teatrodovestido.org\/blog\/wp-content\/uploads\/2021\/09\/JPS6459-300x188.jpg 300w, http:\/\/teatrodovestido.org\/blog\/wp-content\/uploads\/2021\/09\/JPS6459-500x313.jpg 500w, http:\/\/teatrodovestido.org\/blog\/wp-content\/uploads\/2021\/09\/JPS6459.jpg 2000w\" sizes=\"(max-width: 640px) 100vw, 640px\" \/><\/a><br \/>\n<em>(c)Jo\u00e3o Paulo Serafim<\/em><\/p>\n<p><strong>As utopias, sonhos e aspira\u00e7\u00f5es pol\u00edticas de jovens de diferentes \u00e9pocas.<br \/>\n<\/strong><\/p>\n<p class=\"p1\">Os sonhos e aspira\u00e7\u00f5es da juventude em diferentes \u00e9pocas, sob inspira\u00e7\u00e3o do romance de Augusto Abelaira, <i>A Cidade das Flores<\/i>, de 1959. Passado em Floren\u00e7a, na \u00e9poca da ascend\u00eancia do fascismo de Benito Mussolini, este livro tem-nos inspirado e levado a reflectir sobre a resist\u00eancia ou a luta activa contra os sistemas autorit\u00e1rios \u2013 velhos e novos &#8211; e a in\u00e9rcia que se instala e \u00e0 qual, em tempos, se dava o nome de conformismo, resigna\u00e7\u00e3o, ou mesmo, colabora\u00e7\u00e3o.<span class=\"Apple-converted-space\">\u00a0<\/span><\/p>\n<p class=\"p1\">Escrevia Abelaira em 1961, \u201ctenho esperan\u00e7a de que, dentro de 50 anos, a <i>Cidade das Flores <\/i>j\u00e1 n\u00e3o seja lida.\u201d O seu desejo, contudo, n\u00e3o se cumpriu. E da\u00ed esta pe\u00e7a.<\/p>\n<p class=\"p1\"><b><i>Juventude Inquieta<\/i><\/b> cruza v\u00e1rias gera\u00e7\u00f5es de actores-criadores em cena, empenhados numa mesma pergunta: como se avan\u00e7a daqui para a frente, e haver\u00e1 uma <i>Cidade das Flores<\/i> que nos espera?<\/p>\n<p><strong><br \/>\n<\/strong><strong>Bilhetes \u00e0 venda : <a href=\"https:\/\/tndm.bol.pt\/Comprar\/Bilhetes\/99520-juventude_inquieta-teatro_nacional_d_mariaii\/\">TNDMII<br \/>\n<\/a><strong>4\u00aa a s\u00e1b. 19h<\/strong><br \/>\n<strong>dom. 16h<br \/>\n<\/strong><\/strong><\/p>\n<p><!--more--><\/p>\n<p class=\"_04xlpA direction-ltr align-start para-style-body\" style=\"color: #000000;\"><span class=\"JsGRdQ\" style=\"color: #000000;\">texto e direc\u00e7\u00e3o <\/span><span class=\"JsGRdQ\" style=\"font-weight: bold; color: #000000;\">Joana Craveiro <\/span><span class=\"JsGRdQ\" style=\"color: #000000;\">co-cria\u00e7\u00e3o e interpreta\u00e7\u00e3o <\/span><span class=\"JsGRdQ\" style=\"font-weight: bold; color: #000000;\">David dos Santos, Est\u00eav\u00e3o Antunes, Francisco Madureira, Gon\u00e7alo Martins, Gustavo Vicente, In\u00eas Minor, In\u00eas Rosado, Jo\u00e3o Raposo Nunes, Sara Ferrada, Simon Frankel, T\u00e2nia Guerreiro, Toz\u00e9 Cunha, Violeta D&#8217;Ambrosio <\/span><span class=\"JsGRdQ\" style=\"color: #000000;\">m\u00fasica e espa\u00e7o sonoro <\/span><span class=\"JsGRdQ\" style=\"font-weight: bold; color: #000000;\">Francisco Madureira <\/span><span class=\"JsGRdQ\" style=\"color: #000000;\">cenografia<\/span><span class=\"JsGRdQ\" style=\"font-weight: bold; color: #000000;\"> Carla Martinez <\/span><span class=\"JsGRdQ\" style=\"color: #000000;\">figurinos<\/span><span class=\"JsGRdQ\" style=\"font-weight: bold; color: #000000;\"> T\u00e2nia Guerreiro <\/span><span class=\"JsGRdQ\" style=\"color: #000000;\">v\u00eddeo e imagens (originais, reprodu\u00e7\u00f5es, slides)<\/span><span class=\"JsGRdQ\" style=\"font-weight: bold; color: #000000;\"> Jo\u00e3o Paulo Serafim <\/span><span class=\"JsGRdQ\" style=\"color: #000000;\">assist\u00eancia e opera\u00e7\u00e3o v\u00eddeo direto <\/span><span class=\"JsGRdQ\" style=\"font-weight: bold; color: #000000;\">Jos\u00e9 Torrado <\/span><span class=\"JsGRdQ\" style=\"color: #000000;\">desenho de luz<\/span><span class=\"JsGRdQ\" style=\"font-weight: bold; color: #000000;\"> Jo\u00e3o Cachulo <\/span><span class=\"JsGRdQ\" style=\"color: #000000;\">desenho de som<\/span><span class=\"JsGRdQ\" style=\"font-weight: bold; color: #000000;\"> Pedro Baptista, S\u00e9rgio Milhano (PontoZurca)\u00a0<\/span><span class=\"JsGRdQ\" style=\"color: #000000;\">assist\u00eancia de encena\u00e7\u00e3o\u00a0e opera\u00e7\u00e3o v\u00eddeo\u00a0<\/span><span class=\"JsGRdQ\" style=\"font-weight: bold; color: #000000;\">Henrique Antunes <\/span><span class=\"JsGRdQ\" style=\"color: #000000;\">assist\u00eancia de cenografia <\/span><span class=\"JsGRdQ\" style=\"font-weight: bold; color: #000000;\">Camila Serafim, Rita Brito\u00a0<\/span><span class=\"JsGRdQ\" style=\"color: #000000;\">assist\u00eancia t\u00e9cnica<\/span><span class=\"JsGRdQ\" style=\"font-weight: bold; color: #000000;\"> FX RoadLights <\/span><span class=\"JsGRdQ\" style=\"color: #000000;\">dire\u00e7\u00e3o de produ\u00e7\u00e3o<\/span><span class=\"JsGRdQ\" style=\"font-weight: bold; color: #000000;\"> Ala\u00edde Costa<\/span><\/p>\n<p class=\"_04xlpA direction-ltr align-start para-style-body\" style=\"color: #000000;\"><span class=\"JsGRdQ\" style=\"color: #000000;\">produ\u00e7\u00e3o <\/span><span class=\"JsGRdQ\" style=\"font-weight: bold; color: #000000;\">Teatro do Vestido <\/span><span class=\"JsGRdQ\" style=\"color: #000000;\">co-produ\u00e7\u00e3o<\/span><span class=\"JsGRdQ\" style=\"font-weight: bold; color: #000000;\"> Teatro Nacional D. Maria II, Teatro Viriato <\/span><span class=\"JsGRdQ\" style=\"color: #000000;\">apoio <\/span><span class=\"JsGRdQ\" style=\"font-weight: bold; color: #000000;\">CITEMOR &#8211; Festival de Montemor-o-Velho, C\u00e2mara Municipal de Lisboa | Polo Cultural das Gaivotas, DuplaCena, FX RoadLights, Lusoracks, OPART | Est\u00fadios Victor C\u00f3rdon, RTP<\/span><\/p>\n","protected":false},"excerpt":{"rendered":"<p>(c)Jo\u00e3o Paulo Serafim As utopias, sonhos e aspira\u00e7\u00f5es pol\u00edticas de jovens de diferentes \u00e9pocas. Os sonhos e aspira\u00e7\u00f5es da juventude em diferentes \u00e9pocas, sob inspira\u00e7\u00e3o do romance de Augusto Abelaira, A Cidade das Flores, de 1959. Passado em Floren\u00e7a, na &hellip; <a href=\"http:\/\/teatrodovestido.org\/blog\/?p=10330\">Continue reading <span class=\"meta-nav\">&rarr;<\/span><\/a><\/p>\n","protected":false},"author":1,"featured_media":0,"comment_status":"closed","ping_status":"closed","sticky":false,"template":"","format":"standard","meta":{"footnotes":""},"categories":[1],"tags":[],"class_list":["post-10330","post","type-post","status-publish","format-standard","hentry","category-tdv"],"_links":{"self":[{"href":"http:\/\/teatrodovestido.org\/blog\/index.php?rest_route=\/wp\/v2\/posts\/10330"}],"collection":[{"href":"http:\/\/teatrodovestido.org\/blog\/index.php?rest_route=\/wp\/v2\/posts"}],"about":[{"href":"http:\/\/teatrodovestido.org\/blog\/index.php?rest_route=\/wp\/v2\/types\/post"}],"author":[{"embeddable":true,"href":"http:\/\/teatrodovestido.org\/blog\/index.php?rest_route=\/wp\/v2\/users\/1"}],"replies":[{"embeddable":true,"href":"http:\/\/teatrodovestido.org\/blog\/index.php?rest_route=%2Fwp%2Fv2%2Fcomments&post=10330"}],"version-history":[{"count":4,"href":"http:\/\/teatrodovestido.org\/blog\/index.php?rest_route=\/wp\/v2\/posts\/10330\/revisions"}],"predecessor-version":[{"id":10335,"href":"http:\/\/teatrodovestido.org\/blog\/index.php?rest_route=\/wp\/v2\/posts\/10330\/revisions\/10335"}],"wp:attachment":[{"href":"http:\/\/teatrodovestido.org\/blog\/index.php?rest_route=%2Fwp%2Fv2%2Fmedia&parent=10330"}],"wp:term":[{"taxonomy":"category","embeddable":true,"href":"http:\/\/teatrodovestido.org\/blog\/index.php?rest_route=%2Fwp%2Fv2%2Fcategories&post=10330"},{"taxonomy":"post_tag","embeddable":true,"href":"http:\/\/teatrodovestido.org\/blog\/index.php?rest_route=%2Fwp%2Fv2%2Ftags&post=10330"}],"curies":[{"name":"wp","href":"https:\/\/api.w.org\/{rel}","templated":true}]}}