{"id":10321,"date":"2021-08-30T20:48:27","date_gmt":"2021-08-30T19:48:27","guid":{"rendered":"http:\/\/teatrodovestido.org\/?p=10321"},"modified":"2021-09-30T20:50:06","modified_gmt":"2021-09-30T19:50:06","slug":"dentro-do-arquivo-alteracao-de-datas-de-apresentacao","status":"publish","type":"post","link":"http:\/\/teatrodovestido.org\/blog\/?p=10321","title":{"rendered":"DENTRO DO ARQUIVO | ALTERA\u00c7\u00c3O DE DATAS DE APRESENTA\u00c7\u00c3O"},"content":{"rendered":"<p><span style=\"color: #514f4f;\"><span style=\"color: #222222;\"><strong>Dentro do Arquivo<\/strong><br \/>\n<strong><em>Uma cria\u00e7\u00e3o do Teatro do Vestido<\/em><\/strong><\/span><\/span><br style=\"color: #514f4f;\" \/><span style=\"color: #514f4f;\"><strong>dentro do Arquivo da Santa Casa da Miseric\u00f3rdia de Lisboa<\/strong><\/span><\/p>\n<p style=\"color: #514f4f;\"><span style=\"font-family: 'noticia text', georgia, 'times new roman', serif;\"><strong>um espect\u00e1culo inserido na programa\u00e7\u00e3o de\u00a0&#8220;O Outro como epifania do belo&#8221;<\/strong><\/span><\/p>\n<p style=\"color: #514f4f;\"><span style=\"font-family: 'noticia text', georgia, 'times new roman', serif;\"><strong>NOVAS DATAS<\/strong><\/span><\/p>\n<p style=\"color: #514f4f;\">\n<p><strong>Sess\u00f5es\u00a0\u00e0s 16h e 18h, dos dias 1, 2, 3 e 5 de Setembro<\/strong><br \/>\n<strong>Largo Trindade Coelho<\/strong><\/p>\n<p style=\"color: #514f4f;\">\n<p>Marca\u00e7\u00f5es\/informa\u00e7\u00f5es\u00a0Servi\u00e7o de P\u00fablicos e Desenvolvimento Cultural Dire\u00e7\u00e3o da Cultura da SCML 21 324 08 69\/87\/89 culturasantacasa@scml.pt<\/p>\n<p style=\"color: #514f4f;\"><span style=\"font-family: 'noticia text', georgia, 'times new roman', serif;\"><strong><br \/>\n<a href=\"http:\/\/teatrodovestido.org\/blog\/wp-content\/uploads\/2021\/09\/8fa7418b-8ca6-890e-748f-720b3f8c797a.png\"><img loading=\"lazy\" decoding=\"async\" class=\"alignleft wp-image-10322 size-full\" src=\"http:\/\/teatrodovestido.org\/blog\/wp-content\/uploads\/2021\/09\/8fa7418b-8ca6-890e-748f-720b3f8c797a.png\" alt=\"8fa7418b-8ca6-890e-748f-720b3f8c797a\" width=\"847\" height=\"625\" srcset=\"http:\/\/teatrodovestido.org\/blog\/wp-content\/uploads\/2021\/09\/8fa7418b-8ca6-890e-748f-720b3f8c797a.png 847w, http:\/\/teatrodovestido.org\/blog\/wp-content\/uploads\/2021\/09\/8fa7418b-8ca6-890e-748f-720b3f8c797a-300x221.png 300w, http:\/\/teatrodovestido.org\/blog\/wp-content\/uploads\/2021\/09\/8fa7418b-8ca6-890e-748f-720b3f8c797a-500x368.png 500w\" sizes=\"(max-width: 847px) 100vw, 847px\" \/><\/a><br \/>\n<\/strong><\/span><\/p>\n<p style=\"color: #514f4f;\">Foto\u00a0\u00a9SCML<\/p>\n<hr \/>\n<p style=\"color: #202020;\"><span style=\"font-family: 'noticia text', georgia, 'times new roman', serif;\"><strong>Dentro do Arquivo<\/strong><\/span><\/p>\n<p style=\"color: #202020;\">Estreado em Setembro de 2018, integrando a programa\u00e7\u00e3o \u201cHospitalidade\u201d, da Santa Casa da Miseric\u00f3rdia de Lisboa,\u00a0<em>Dentro do Arquivo\u00a0<\/em>\u00e9 uma performance em percurso, por lugares habitualmente inacess\u00edveis. Como processo, a equipa do Teatro do Vestido trabalhou na investiga\u00e7\u00e3o e an\u00e1lise do arquivo da Santa Casa da Miseric\u00f3rdia. Depois do trauma da destrui\u00e7\u00e3o dos arquivos iniciais da institui\u00e7\u00e3o no terramoto de 1755, a consci\u00eancia da import\u00e2ncia da mem\u00f3ria e da preserva\u00e7\u00e3o do arquivo instalou-se. Hoje, o arquivo da Santa Casa da Miseric\u00f3rdia fornece-nos um retrato social, pol\u00edtico e econ\u00f3mico de diversas \u00e9pocas. Uma viagem intimista aos bastidores da mem\u00f3ria, que \u00e9 tamb\u00e9m um tributo ao paciente labor dos arquivistas.<\/p>\n<p style=\"color: #202020;\"><img loading=\"lazy\" decoding=\"async\" class=\"alignleft wp-image-10324 \" src=\"http:\/\/teatrodovestido.org\/blog\/wp-content\/uploads\/2021\/09\/foto.png\" alt=\"foto\" width=\"630\" height=\"211\" srcset=\"http:\/\/teatrodovestido.org\/blog\/wp-content\/uploads\/2021\/09\/foto.png 564w, http:\/\/teatrodovestido.org\/blog\/wp-content\/uploads\/2021\/09\/foto-300x100.png 300w, http:\/\/teatrodovestido.org\/blog\/wp-content\/uploads\/2021\/09\/foto-500x167.png 500w\" sizes=\"(max-width: 630px) 100vw, 630px\" \/><\/p>\n<p style=\"color: #202020;\"><strong>Condi\u00e7\u00f5es de participa\u00e7\u00e3o, tendo em conta as caracter\u00edsticas do espa\u00e7o e a actual situa\u00e7\u00e3o pand\u00e9mica:\u00a0<\/strong>Max. 5 participantes por sess\u00e3o. Obrigat\u00f3ria a apresenta\u00e7\u00e3o de certificado digital COVID ou comprovativo de teste \u00e0 COVID-19, com resultado negativo, realizado nas \u00faltimas 48 horas (teste r\u00e1pido de antig\u00e9nio \u2013 TRAg). Uso obrigat\u00f3rio de m\u00e1scara. Desinfec\u00e7\u00e3o das m\u00e3os com solu\u00e7\u00e3o \u00e0 base de \u00e1lcool, antes da entrada no arquivo. Respeito pelas regras de etiqueta respirat\u00f3ria. Respeito pelas orienta\u00e7\u00f5es do percurso.<\/p>\n","protected":false},"excerpt":{"rendered":"<p>Dentro do Arquivo Uma cria\u00e7\u00e3o do Teatro do Vestidodentro do Arquivo da Santa Casa da Miseric\u00f3rdia de Lisboa um espect\u00e1culo inserido na programa\u00e7\u00e3o de\u00a0&#8220;O Outro como epifania do belo&#8221; NOVAS DATAS Sess\u00f5es\u00a0\u00e0s 16h e 18h, dos dias 1, 2, 3 &hellip; <a href=\"http:\/\/teatrodovestido.org\/blog\/?p=10321\">Continue reading <span class=\"meta-nav\">&rarr;<\/span><\/a><\/p>\n","protected":false},"author":1,"featured_media":0,"comment_status":"closed","ping_status":"closed","sticky":false,"template":"","format":"standard","meta":{"footnotes":""},"categories":[1],"tags":[],"class_list":["post-10321","post","type-post","status-publish","format-standard","hentry","category-tdv"],"_links":{"self":[{"href":"http:\/\/teatrodovestido.org\/blog\/index.php?rest_route=\/wp\/v2\/posts\/10321"}],"collection":[{"href":"http:\/\/teatrodovestido.org\/blog\/index.php?rest_route=\/wp\/v2\/posts"}],"about":[{"href":"http:\/\/teatrodovestido.org\/blog\/index.php?rest_route=\/wp\/v2\/types\/post"}],"author":[{"embeddable":true,"href":"http:\/\/teatrodovestido.org\/blog\/index.php?rest_route=\/wp\/v2\/users\/1"}],"replies":[{"embeddable":true,"href":"http:\/\/teatrodovestido.org\/blog\/index.php?rest_route=%2Fwp%2Fv2%2Fcomments&post=10321"}],"version-history":[{"count":4,"href":"http:\/\/teatrodovestido.org\/blog\/index.php?rest_route=\/wp\/v2\/posts\/10321\/revisions"}],"predecessor-version":[{"id":10328,"href":"http:\/\/teatrodovestido.org\/blog\/index.php?rest_route=\/wp\/v2\/posts\/10321\/revisions\/10328"}],"wp:attachment":[{"href":"http:\/\/teatrodovestido.org\/blog\/index.php?rest_route=%2Fwp%2Fv2%2Fmedia&parent=10321"}],"wp:term":[{"taxonomy":"category","embeddable":true,"href":"http:\/\/teatrodovestido.org\/blog\/index.php?rest_route=%2Fwp%2Fv2%2Fcategories&post=10321"},{"taxonomy":"post_tag","embeddable":true,"href":"http:\/\/teatrodovestido.org\/blog\/index.php?rest_route=%2Fwp%2Fv2%2Ftags&post=10321"}],"curies":[{"name":"wp","href":"https:\/\/api.w.org\/{rel}","templated":true}]}}