{"id":10310,"date":"2021-07-01T20:40:06","date_gmt":"2021-07-01T19:40:06","guid":{"rendered":"http:\/\/teatrodovestido.org\/?p=10310"},"modified":"2021-09-30T20:51:27","modified_gmt":"2021-09-30T19:51:27","slug":"teatro-do-vestido-no-festival-de-almada","status":"publish","type":"post","link":"http:\/\/teatrodovestido.org\/blog\/?p=10310","title":{"rendered":"TEATRO DO VESTIDO NO FESTIVAL DE ALMADA"},"content":{"rendered":"<p><span style=\"color: #222222;\"><strong>Viagem a Portugal<br \/>\n<em>\u00faltima paragem ou o que n\u00f3s and\u00e1mos para aqui chegar\u00a0<\/em><\/strong><\/span><br style=\"color: #514f4f;\" \/><strong style=\"color: #514f4f;\">38\u00ba Festival de Teatro de Almada<\/strong><\/p>\n<p style=\"color: #514f4f;\"><strong>Audit\u00f3rio F\u00f3rum Romeu Correia\u00a0<\/strong>(Almada)<br \/>\nQui.\u00a0<strong>22<\/strong>, Sex.\u00a0<strong>23<\/strong>, e Dom.\u00a0<strong>25\u00a0<\/strong>\u00e0s\u00a0<strong>20h30\u00a0<\/strong>S\u00e1b.\u00a0<strong>24\u00a0<\/strong>\u00e0s\u00a0<strong>15h\u00a0<\/strong>e \u00e0s\u00a0<strong>20h30<\/strong><br \/>\nBilhetes \u00e0 venda\u00a0<a style=\"color: #007c89;\" href=\"https:\/\/festival.ctalmada.pt\/viagem-a-portugal\/\" target=\"_blank\">aqui<\/a><\/p>\n<p style=\"color: #514f4f;\"><a href=\"http:\/\/teatrodovestido.org\/blog\/wp-content\/uploads\/2021\/09\/f8aff6cf-18c3-c7e4-12ff-fbe7e5f87e34.jpeg\"><img loading=\"lazy\" decoding=\"async\" class=\"alignleft wp-image-10311 size-large\" src=\"http:\/\/teatrodovestido.org\/blog\/wp-content\/uploads\/2021\/09\/f8aff6cf-18c3-c7e4-12ff-fbe7e5f87e34-1024x682.jpeg\" alt=\"f8aff6cf-18c3-c7e4-12ff-fbe7e5f87e34\" width=\"640\" height=\"426\" srcset=\"http:\/\/teatrodovestido.org\/blog\/wp-content\/uploads\/2021\/09\/f8aff6cf-18c3-c7e4-12ff-fbe7e5f87e34-1024x682.jpeg 1024w, http:\/\/teatrodovestido.org\/blog\/wp-content\/uploads\/2021\/09\/f8aff6cf-18c3-c7e4-12ff-fbe7e5f87e34-300x200.jpeg 300w, http:\/\/teatrodovestido.org\/blog\/wp-content\/uploads\/2021\/09\/f8aff6cf-18c3-c7e4-12ff-fbe7e5f87e34-500x333.jpeg 500w\" sizes=\"(max-width: 640px) 100vw, 640px\" \/><\/a><\/p>\n<h6>Foto\u00a0\u00a9Carlos Fernandes<\/h6>\n<h5 style=\"text-align: right;\"><span style=\"color: #202020;\">\u201cO viajante viajou no seu pa\u00eds. Isto significa que viajou por dentro de si mesmo&#8230;\u201d<\/span><br style=\"color: #202020;\" \/><span style=\"color: #202020;\">(Jos\u00e9 Saramago)<\/span><\/h5>\n<p>&nbsp;<\/p>\n<h4 style=\"color: #202020;\">O Teatro do Vestido estar\u00e1 presente no Festival de Almada, com\u00a0<em>Viagem a Portugal<\/em>.<\/h4>\n<h4 style=\"color: #202020;\">\u00daltima paragem de uma longa s\u00e9rie de reflex\u00f5es sob forma de diferentes espect\u00e1culos, este projecto desenvolveu-se ao longo do ano de 2019, tendo come\u00e7ado no Minho, em Janeiro, estendendo-se depois a Alcanena, em Setembro, e, por fim, Viseu, em Dezembro.<br \/>\nDezembro de 2019 antes\u00a0<em>daquilo (isto)\u00a0<\/em>tudo nos acontecer. A bra\u00e7os com o\u00a0<em>antes disto<\/em>, que n\u00e3o queremos esquecer.<\/h4>\n<h4 style=\"color: #202020;\">Um livro de Jos\u00e9 Saramago como mote, e um conto de Sophia de Mello Breyner, dissecados, tamb\u00e9m eles, ao longo de quil\u00f3metros de estradas a perder de vista.<\/h4>\n<h4 style=\"color: #202020;\">\u201cAfinal, que viajar \u00e9 este?\u201d, pergunta Saramago.<\/h4>\n<h4 style=\"color: #202020;\">E, acrescentamos n\u00f3s,<\/h4>\n<h4 style=\"color: #202020;\">\u201cComo viajar assim&#8230;?\u201d<\/h4>\n<h4 style=\"color: #202020;\">e,<\/h4>\n<h4 style=\"color: #202020;\">\u201cPara onde vamos, exactamente?\u201d<\/h4>\n<h4 style=\"color: #202020;\">e ainda,<\/h4>\n<h4 style=\"color: #202020;\">\u201ch\u00e1 um fim \u00e0 vista?\u201d<\/h4>\n<h4 style=\"color: #202020;\">(a esta \u00faltima quest\u00e3o seguiu-se um sil\u00eancio.)<\/h4>\n<h4 style=\"color: #202020;\">*<\/h4>\n<h4 style=\"color: #202020;\">O regresso do Teatro do Vestido a um dos mais importantes festivais de teatro do pa\u00eds, e o reencontro com o seu p\u00fablico t\u00e3o especial.<\/h4>\n<p><!--more--><\/p>\n<p><a href=\"http:\/\/teatrodovestido.org\/blog\/wp-content\/uploads\/2021\/09\/1uog.png\"><img loading=\"lazy\" decoding=\"async\" class=\"alignleft wp-image-10323 size-full\" src=\"http:\/\/teatrodovestido.org\/blog\/wp-content\/uploads\/2021\/09\/1uog.png\" alt=\"1uog\" width=\"705\" height=\"605\" srcset=\"http:\/\/teatrodovestido.org\/blog\/wp-content\/uploads\/2021\/09\/1uog.png 705w, http:\/\/teatrodovestido.org\/blog\/wp-content\/uploads\/2021\/09\/1uog-300x257.png 300w, http:\/\/teatrodovestido.org\/blog\/wp-content\/uploads\/2021\/09\/1uog-500x429.png 500w\" sizes=\"(max-width: 705px) 100vw, 705px\" \/><\/a><\/p>\n<p>&nbsp;<\/p>\n<p>&nbsp;<\/p>\n<p>&nbsp;<\/p>\n<p>&nbsp;<\/p>\n<p>&nbsp;<\/p>\n<p>&nbsp;<\/p>\n<p>A primeira paragem desta Viagem &#8211; Paisagem com Pessoas &#8211; foi uma co-produ\u00e7\u00e3o com as Com\u00e9dias do Minho, Janeiro-Junho 2019.<br \/>\nA segunda paragem &#8211; Viagem a Portugal-Paragem ao Centro &#8211; foi uma co-produ\u00e7\u00e3o com o Festival Materiais Diversos, Julho de 2018 e Agosto e Setembro de 2019.<\/p>\n<p><em>Ricardo Jer\u00f3nimo e S\u00f3nia Guerra participam no projecto no contexto de est\u00e1gio curricular, ao abrigo de protocolo entre o Teatro do Vestido e a ESAD.CR<\/em><\/p>\n<p>&nbsp;<\/p>\n","protected":false},"excerpt":{"rendered":"<p>Viagem a Portugal \u00faltima paragem ou o que n\u00f3s and\u00e1mos para aqui chegar\u00a038\u00ba Festival de Teatro de Almada Audit\u00f3rio F\u00f3rum Romeu Correia\u00a0(Almada) Qui.\u00a022, Sex.\u00a023, e Dom.\u00a025\u00a0\u00e0s\u00a020h30\u00a0S\u00e1b.\u00a024\u00a0\u00e0s\u00a015h\u00a0e \u00e0s\u00a020h30 Bilhetes \u00e0 venda\u00a0aqui Foto\u00a0\u00a9Carlos Fernandes \u201cO viajante viajou no seu pa\u00eds. Isto significa &hellip; <a href=\"http:\/\/teatrodovestido.org\/blog\/?p=10310\">Continue reading <span class=\"meta-nav\">&rarr;<\/span><\/a><\/p>\n","protected":false},"author":1,"featured_media":0,"comment_status":"closed","ping_status":"closed","sticky":false,"template":"","format":"standard","meta":{"footnotes":""},"categories":[1],"tags":[],"class_list":["post-10310","post","type-post","status-publish","format-standard","hentry","category-tdv"],"_links":{"self":[{"href":"http:\/\/teatrodovestido.org\/blog\/index.php?rest_route=\/wp\/v2\/posts\/10310"}],"collection":[{"href":"http:\/\/teatrodovestido.org\/blog\/index.php?rest_route=\/wp\/v2\/posts"}],"about":[{"href":"http:\/\/teatrodovestido.org\/blog\/index.php?rest_route=\/wp\/v2\/types\/post"}],"author":[{"embeddable":true,"href":"http:\/\/teatrodovestido.org\/blog\/index.php?rest_route=\/wp\/v2\/users\/1"}],"replies":[{"embeddable":true,"href":"http:\/\/teatrodovestido.org\/blog\/index.php?rest_route=%2Fwp%2Fv2%2Fcomments&post=10310"}],"version-history":[{"count":2,"href":"http:\/\/teatrodovestido.org\/blog\/index.php?rest_route=\/wp\/v2\/posts\/10310\/revisions"}],"predecessor-version":[{"id":10329,"href":"http:\/\/teatrodovestido.org\/blog\/index.php?rest_route=\/wp\/v2\/posts\/10310\/revisions\/10329"}],"wp:attachment":[{"href":"http:\/\/teatrodovestido.org\/blog\/index.php?rest_route=%2Fwp%2Fv2%2Fmedia&parent=10310"}],"wp:term":[{"taxonomy":"category","embeddable":true,"href":"http:\/\/teatrodovestido.org\/blog\/index.php?rest_route=%2Fwp%2Fv2%2Fcategories&post=10310"},{"taxonomy":"post_tag","embeddable":true,"href":"http:\/\/teatrodovestido.org\/blog\/index.php?rest_route=%2Fwp%2Fv2%2Ftags&post=10310"}],"curies":[{"name":"wp","href":"https:\/\/api.w.org\/{rel}","templated":true}]}}