{"id":10298,"date":"2021-06-15T13:10:12","date_gmt":"2021-06-15T12:10:12","guid":{"rendered":"http:\/\/teatrodovestido.org\/?p=10298"},"modified":"2021-06-20T13:11:38","modified_gmt":"2021-06-20T12:11:38","slug":"estreia-hoje-lux-fragil-lisboa","status":"publish","type":"post","link":"http:\/\/teatrodovestido.org\/blog\/?p=10298","title":{"rendered":"ESTREIA HOJE | LUX FR\u00c1GIL (LISBOA)"},"content":{"rendered":"<h1><span style=\"color: #ffffff;\"><strong>Aquilo que ouv\u00edamos<br \/>\n<\/strong><\/span><em>Uma cria\u00e7\u00e3o do Teatro do Vestido<\/em><\/h1>\n<p><strong>Sess\u00f5es 15, 16, 17, 18, 19, 20 Junho | 20h00<br \/>\n<\/strong><strong>e 22, 23, 24 e 25 Junho |\u00a020h00\u00a0 <\/strong><br \/>\n<span style=\"color: #ff0000;\"><strong>Bilhetes \u00e0 venda em <\/strong><\/span><strong><a href=\"https:\/\/www.teatrosaoluiz.pt\/espetaculo\/aquilo-que-ouviamos\/\" target=\"_blank\" data-cke-saved-href=\"https:\/\/www.teatrosaoluiz.pt\/espetaculo\/aquilo-que-ouviamos\/\"><span style=\"color: #ff0000;\">www.teatrosaoluiz.pt\u00a0<\/span><\/a><\/strong><span style=\"color: #ff0000;\"><strong> \u00a0<\/strong>\u00a0\u00a0<\/span><\/p>\n<p><a href=\"http:\/\/teatrodovestido.org\/blog\/wp-content\/uploads\/2021\/06\/JPS4257-e1624189494511.jpg\"><img loading=\"lazy\" decoding=\"async\" class=\"alignleft size-large wp-image-10294\" src=\"http:\/\/teatrodovestido.org\/blog\/wp-content\/uploads\/2021\/06\/JPS4257-1024x683.jpg\" alt=\"_JPS4257\" width=\"640\" height=\"426\" \/><\/a><\/p>\n<h5>Foto (c) Jo\u00e3o Paulo Serafim<\/h5>\n<hr \/>\n<h1>\u00a0<strong>Aquilo que ouv\u00edamos<\/strong><\/h1>\n<h1><\/h1>\n<p style=\"text-align: right;\"><em>era exactamente assim que era<\/em><br \/>\n<em>se nos lembr\u00e1ssemos de como era<\/em><br \/>\n<em>e,<\/em><br \/>\n<em>de certa forma,<\/em><br \/>\n<em>lembramo-nos.<\/em><\/p>\n<p>&nbsp;<\/p>\n<p>\u2018Est\u00e1 a gravar?\u2019<br \/>\nDesta vez volt\u00e1mos para n\u00f3s pr\u00f3prios o gravador.<br \/>\nConvid\u00e1mos uma banda (3 m\u00fasicos) e mais 2 m\u00fasicos, num total de 5, para que, no barulho ensurdecedor que fazem (chama-se m\u00fasica, p\u00e1!, ah, pois \u00e9), n\u00e3o nos deixarem pensar <em>assim muito<\/em>. Lembrarmo-nos, chega. Contar uns aos outros, chega. Dan\u00e7ar, tamb\u00e9m. Cantar, por vezes, trautear, outras. Outras, s\u00f3 ficar a ouvir, chega.<br \/>\nDesta vez, volt\u00e1mos para n\u00f3s o gravador.<br \/>\nEst\u00e1 a gravar, sim, o que \u00e9 contas sobre isto?<\/p>\n<p><strong><em>Aquilo que ouv\u00edamos<\/em><\/strong> parte das nossas experi\u00eancias de escuta de m\u00fasica alternativa \u2013 de diferentes estilos \u2013 de meados dos anos 80 \u00e0 passagem para os anos 90 (sendo que, em cena, est\u00e3o diferentes gera\u00e7\u00f5es, por isso ser\u00e1 mais rigoroso dizer que se estende no tempo para al\u00e9m [e antes] desse tempo). \u00c9, sobretudo, um espect\u00e1culo sobre como a m\u00fasica foi e \u00e9 parte da identidade das pessoas que a escutam, e sobre um tempo em que a materialidade da m\u00fasica era crucial e em que muitas das nossas actividades e viv\u00eancias se organizavam em torno disso.<br \/>\nPor exemplo, comprar vinis com parcas mesadas, troc\u00e1-los no p\u00e1tio da escola secund\u00e1ria, fazer amigos por causa disso, comprar cassetes para gravar esses vinis, que assim se multiplicavam, ou comprar cassetes de concertos mesmo raros e mesmo mal gravados mas muito preciosos, ou cassetes gravadas com programas de r\u00e1dio feitos por n\u00f3s e para n\u00f3s. Ou, quando aquilo que ouv\u00edamos era muito daquilo que <em>n\u00f3s \u00e9ramos<\/em> \u2013 ou, como a m\u00fasica nos conferia uma identidade.<\/p>\n<p><strong><em>Aquilo que ouv\u00edamos<\/em><\/strong> leva-nos numa viagem por hist\u00f3rias pessoais de rela\u00e7\u00e3o com a m\u00fasica e o seu consumo, que criaram e definiram identidades ao longo do tempo que ainda perduram.<\/p>\n<hr \/>\n<div>H\u00e1 uma proposta de dress code para esta pe\u00e7a. N\u00e3o a tomem como imposi\u00e7\u00e3o, mas como um convite: aos que ouviam \u2018aquilo\u2019, recuperar esses figurinos da adolesc\u00eancia, a roupa preta, as doc martens e tudo o resto que nos distinguia. Aos que n\u00e3o ouviam, convidamo-vos a vestirem-se de forma especial para esta viagem.Fica o convite.<\/div>\n<div>At\u00e9 j\u00e1<\/p>\n<hr \/>\n<p>Texto e Direc\u00e7\u00e3o\u00a0<strong>Joana Craveiro<\/strong>\u00a0Co-cria\u00e7\u00e3o e interpreta\u00e7\u00e3o <strong>Est\u00eav\u00e3o Antunes, In\u00eas Rosado, Joana Craveiro e T\u00e2nia Guerreiro<\/strong>\u00a0M\u00fasicos convidados (co-cria\u00e7\u00e3o, composi\u00e7\u00e3o e interpreta\u00e7\u00e3o) <strong>Bruno Pinto, Francisco Madureira e Loosers (Guilherme Canh\u00e3o, Jos\u00e9 Miguel Rodrigues e Rui D\u00e2maso)<\/strong>\u00a0Participa\u00e7\u00e3o especial <strong>Ricardo Jer\u00f3nimo, S\u00f3nia Guerra, Tatiana Damaya<\/strong>\u00a0Colabora\u00e7\u00e3o criativa <strong>S\u00e9rgio Hydalgo<\/strong>\u00a0Cenografia <strong>Carla Martinez<\/strong>\u00a0Figurinos <strong>T\u00e2nia Guerreiro<\/strong>\u00a0Imagem <strong>Jo\u00e3o Paulo Serafim<\/strong>\u00a0V\u00eddeo directo <strong>Jo\u00e3o Paulo Serafim, e Henrique Antunes, S\u00f3nia Guerra, Tatiana Damaya<\/strong><strong>\u00a0<\/strong>Ilumina\u00e7\u00e3o <strong>Leoc\u00e1dia Silva<\/strong>\u00a0Som <strong>Pedro Baptista, S\u00e9rgio Milhano (PontoZurca)<\/strong>\u00a0Opera\u00e7\u00e3o de Som <strong>Pedro Baptista<\/strong>\u00a0Direc\u00e7\u00e3o de Produ\u00e7\u00e3o <strong>Ala\u00edde Costa<\/strong>\u00a0Assist\u00eancia <strong>Ricardo Jer\u00f3nimo, S\u00f3nia Guerra, Tatiana Damaya<\/strong><br \/>\nApoios<strong> C\u00e2mara Municipal de Lisboa &#8211; Polo Cultural das Gaivotas<\/strong>, <strong>Centro Cultural Vila Flor, FX RoadLights, ZDB<\/strong><br \/>\nCo-produ\u00e7\u00e3o <strong>EGEAC \u2013 Programa\u00e7\u00e3o em Espa\u00e7o P\u00fablico e S\u00e3o Luiz Teatro Municipal, Teatro Nacional S\u00e3o Jo\u00e3o e Teatro do Vestido<\/strong><\/p>\n<p><em>Ricardo Jer\u00f3nimo, S\u00f3nia Guerra e Tatiana Damaya participam no projecto no contexto de est\u00e1gio curricular, ao abrigo de protocolo entre o Teatro do Vestido e a ESAD.CR\u00a0<\/em><\/p>\n<p>O Teatro do Vestido tem o apoio de Rep\u00fablica Portuguesa &#8211; Cultura | DGARTES<\/p>\n<\/div>\n","protected":false},"excerpt":{"rendered":"<p>Aquilo que ouv\u00edamos Uma cria\u00e7\u00e3o do Teatro do Vestido Sess\u00f5es 15, 16, 17, 18, 19, 20 Junho | 20h00 e 22, 23, 24 e 25 Junho |\u00a020h00\u00a0 Bilhetes \u00e0 venda em www.teatrosaoluiz.pt\u00a0 \u00a0\u00a0\u00a0 Foto (c) Jo\u00e3o Paulo Serafim \u00a0Aquilo que &hellip; <a href=\"http:\/\/teatrodovestido.org\/blog\/?p=10298\">Continue reading <span class=\"meta-nav\">&rarr;<\/span><\/a><\/p>\n","protected":false},"author":1,"featured_media":0,"comment_status":"closed","ping_status":"closed","sticky":false,"template":"","format":"standard","meta":{"footnotes":""},"categories":[1],"tags":[],"class_list":["post-10298","post","type-post","status-publish","format-standard","hentry","category-tdv"],"_links":{"self":[{"href":"http:\/\/teatrodovestido.org\/blog\/index.php?rest_route=\/wp\/v2\/posts\/10298"}],"collection":[{"href":"http:\/\/teatrodovestido.org\/blog\/index.php?rest_route=\/wp\/v2\/posts"}],"about":[{"href":"http:\/\/teatrodovestido.org\/blog\/index.php?rest_route=\/wp\/v2\/types\/post"}],"author":[{"embeddable":true,"href":"http:\/\/teatrodovestido.org\/blog\/index.php?rest_route=\/wp\/v2\/users\/1"}],"replies":[{"embeddable":true,"href":"http:\/\/teatrodovestido.org\/blog\/index.php?rest_route=%2Fwp%2Fv2%2Fcomments&post=10298"}],"version-history":[{"count":4,"href":"http:\/\/teatrodovestido.org\/blog\/index.php?rest_route=\/wp\/v2\/posts\/10298\/revisions"}],"predecessor-version":[{"id":10304,"href":"http:\/\/teatrodovestido.org\/blog\/index.php?rest_route=\/wp\/v2\/posts\/10298\/revisions\/10304"}],"wp:attachment":[{"href":"http:\/\/teatrodovestido.org\/blog\/index.php?rest_route=%2Fwp%2Fv2%2Fmedia&parent=10298"}],"wp:term":[{"taxonomy":"category","embeddable":true,"href":"http:\/\/teatrodovestido.org\/blog\/index.php?rest_route=%2Fwp%2Fv2%2Fcategories&post=10298"},{"taxonomy":"post_tag","embeddable":true,"href":"http:\/\/teatrodovestido.org\/blog\/index.php?rest_route=%2Fwp%2Fv2%2Ftags&post=10298"}],"curies":[{"name":"wp","href":"https:\/\/api.w.org\/{rel}","templated":true}]}}