{"id":10295,"date":"2021-06-10T12:27:03","date_gmt":"2021-06-10T11:27:03","guid":{"rendered":"http:\/\/teatrodovestido.org\/?p=10295"},"modified":"2021-06-20T13:12:22","modified_gmt":"2021-06-20T12:12:22","slug":"aquilo-que-ouviamos-15-a-25-junho-20h-lux-fragil-lisboa","status":"publish","type":"post","link":"http:\/\/teatrodovestido.org\/blog\/?p=10295","title":{"rendered":"AQUILO QUE OUV\u00cdAMOS | 15 A 25 JUNHO &#8211; 20H | LUX FR\u00c1GIL (LISBOA)"},"content":{"rendered":"<div style=\"width: 640px;\" class=\"wp-video\"><!--[if lt IE 9]><script>document.createElement('video');<\/script><![endif]-->\n<video class=\"wp-video-shortcode\" id=\"video-10295-1\" width=\"640\" height=\"960\" preload=\"metadata\" controls=\"controls\"><source type=\"video\/mp4\" src=\"http:\/\/teatrodovestido.org\/blog\/wp-content\/uploads\/2021\/06\/AQO_Teaser_TDV.mp4?_=1\" \/><a href=\"http:\/\/teatrodovestido.org\/blog\/wp-content\/uploads\/2021\/06\/AQO_Teaser_TDV.mp4\">http:\/\/teatrodovestido.org\/blog\/wp-content\/uploads\/2021\/06\/AQO_Teaser_TDV.mp4<\/a><\/video><\/div>\n<p><strong>Bilhetes \u00e0 venda na bilheteira<a href=\"https:\/\/www.teatrosaoluiz.pt\/espetaculo\/aquilo-que-ouviamos\/\"> S\u00e3o Luiz Teatro Municipal<\/a><\/strong><\/p>\n<h5 data-wpview-pad=\"1\">Co-produ\u00e7\u00e3o:\u00a0<span class=\"nc684nl6\">EGEAC Cultura em Lisboa<\/span><span style=\"color: #050505;\">, <\/span><span class=\"nc684nl6\">S\u00e3o Luiz Teatro Municipal<\/span><span style=\"color: #050505;\">, <\/span><span class=\"nc684nl6\">Teatro Nacional S\u00e3o Jo\u00e3o<\/span><span style=\"color: #050505;\">, Teatro do Vestido<\/span><br \/>\nApoios: C\u00e2mara Municipal de Lisboa &#8211; Polo Cultural das Gaivotas, Centro Cultural Vila Flor, FX Roadlights, ZDB<\/p>\n<p>O Teatro do Vestido tem o apoio de Rep\u00fablica Portuguesa &#8211; Cultura | DGARTES<\/h5>\n","protected":false},"excerpt":{"rendered":"<p>Bilhetes \u00e0 venda na bilheteira S\u00e3o Luiz Teatro Municipal Co-produ\u00e7\u00e3o:\u00a0EGEAC Cultura em Lisboa, S\u00e3o Luiz Teatro Municipal, Teatro Nacional S\u00e3o Jo\u00e3o, Teatro do Vestido Apoios: C\u00e2mara Municipal de Lisboa &#8211; Polo Cultural das Gaivotas, Centro Cultural Vila Flor, FX Roadlights, &hellip; <a href=\"http:\/\/teatrodovestido.org\/blog\/?p=10295\">Continue reading <span class=\"meta-nav\">&rarr;<\/span><\/a><\/p>\n","protected":false},"author":1,"featured_media":0,"comment_status":"closed","ping_status":"closed","sticky":false,"template":"","format":"standard","meta":{"footnotes":""},"categories":[1],"tags":[],"class_list":["post-10295","post","type-post","status-publish","format-standard","hentry","category-tdv"],"_links":{"self":[{"href":"http:\/\/teatrodovestido.org\/blog\/index.php?rest_route=\/wp\/v2\/posts\/10295"}],"collection":[{"href":"http:\/\/teatrodovestido.org\/blog\/index.php?rest_route=\/wp\/v2\/posts"}],"about":[{"href":"http:\/\/teatrodovestido.org\/blog\/index.php?rest_route=\/wp\/v2\/types\/post"}],"author":[{"embeddable":true,"href":"http:\/\/teatrodovestido.org\/blog\/index.php?rest_route=\/wp\/v2\/users\/1"}],"replies":[{"embeddable":true,"href":"http:\/\/teatrodovestido.org\/blog\/index.php?rest_route=%2Fwp%2Fv2%2Fcomments&post=10295"}],"version-history":[{"count":3,"href":"http:\/\/teatrodovestido.org\/blog\/index.php?rest_route=\/wp\/v2\/posts\/10295\/revisions"}],"predecessor-version":[{"id":10305,"href":"http:\/\/teatrodovestido.org\/blog\/index.php?rest_route=\/wp\/v2\/posts\/10295\/revisions\/10305"}],"wp:attachment":[{"href":"http:\/\/teatrodovestido.org\/blog\/index.php?rest_route=%2Fwp%2Fv2%2Fmedia&parent=10295"}],"wp:term":[{"taxonomy":"category","embeddable":true,"href":"http:\/\/teatrodovestido.org\/blog\/index.php?rest_route=%2Fwp%2Fv2%2Fcategories&post=10295"},{"taxonomy":"post_tag","embeddable":true,"href":"http:\/\/teatrodovestido.org\/blog\/index.php?rest_route=%2Fwp%2Fv2%2Ftags&post=10295"}],"curies":[{"name":"wp","href":"https:\/\/api.w.org\/{rel}","templated":true}]}}