{"id":10282,"date":"2021-05-01T15:00:48","date_gmt":"2021-05-01T14:00:48","guid":{"rendered":"http:\/\/teatrodovestido.org\/?p=10282"},"modified":"2021-05-04T22:59:56","modified_gmt":"2021-05-04T21:59:56","slug":"um-museu-vivo-de-memorias-pequenas-e-esquecidas-13","status":"publish","type":"post","link":"http:\/\/teatrodovestido.org\/blog\/?p=10282","title":{"rendered":""},"content":{"rendered":"<h1 style=\"font-weight: bold; color: #202020;\">Um Museu Vivo de Mem\u00f3rias Pequenas e Esquecidas<\/h1>\n<h5 style=\"font-weight: bold; color: #202020;\"><em>Uma cria\u00e7\u00e3o do Teatro do Vestido, com investiga\u00e7\u00e3o, texto, direc\u00e7\u00e3o e interpreta\u00e7\u00e3o de Joana Craveiro<\/em><\/h5>\n<p><strong style=\"color: #202020;\">7 e 8 de Maio | 15h00 | Teatro Carlos Alberto &#8211; Porto<\/strong><br style=\"color: #202020;\" \/><a style=\"color: #007c89;\" href=\"http:\/\/www.fitei.com\/PT\/evento\/um-museu-vivo-de-memorias-pequenas-e-esquecidas-teatro-carlos-alberto-2021\/\" target=\"_blank\">FITEI 2021<\/a><span style=\"color: #202020;\">\u00a0| Festival Internacional de Express\u00e3o Ib\u00e9rica | Bilhetes:\u00a0<\/span><a style=\"color: #007c89;\" href=\"https:\/\/www.tnsj.pt\/pt\/espetaculos\/6112\/um-museu-vivo-de-memorias-pequenas-e-esquecidas\" target=\"_blank\">TNSJ<\/a><\/p>\n<p><img loading=\"lazy\" decoding=\"async\" class=\"alignleft size-full wp-image-10284\" src=\"http:\/\/teatrodovestido.org\/blog\/wp-content\/uploads\/2021\/05\/Museu-1.jpg\" alt=\"Museu 1\" width=\"760\" height=\"503\" srcset=\"http:\/\/teatrodovestido.org\/blog\/wp-content\/uploads\/2021\/05\/Museu-1.jpg 760w, http:\/\/teatrodovestido.org\/blog\/wp-content\/uploads\/2021\/05\/Museu-1-300x198.jpg 300w, http:\/\/teatrodovestido.org\/blog\/wp-content\/uploads\/2021\/05\/Museu-1-500x330.jpg 500w\" sizes=\"(max-width: 760px) 100vw, 760px\" \/><\/p>\n<p>&nbsp;<\/p>\n<p><span style=\"color: #202020;\">Depois de encontro adiado em 2020, regressa agora ao FITEI este importante e emblem\u00e1tico trabalho do Teatro do Vestido, que o cr\u00edtico do jornal\u00a0<\/span><em style=\"color: #202020;\">P\u00fablico<\/em><span style=\"color: #202020;\">\u00a0<\/span><a style=\"color: #007c89;\" href=\"https:\/\/www.publico.pt\/2014\/11\/16\/culturaipsilon\/critica\/riachos-ribeiros-e-outros-afluentes-da-revolucao-1676386\" target=\"_blank\">Jorge Loura\u00e7o Figueira<\/a><span style=\"color: #202020;\">\u00a0descreveu como \u201c<\/span><em style=\"color: #202020;\">um tesouro dado aos portugueses<\/em><span style=\"color: #202020;\">.\u201d Sobre este espect\u00e1culo, ainda, escreveu Rui Pina Coelho, \u201c<\/span><em style=\"color: #202020;\">Como cr\u00edtico, sinto uma vontade apaixonada de o defender, de o discutir, de o analisar, como parte da resist\u00eancia da minha gera\u00e7\u00e3o ao esquecime<\/em><em style=\"color: #202020;\">nto hist\u00f3rico<\/em><span style=\"color: #202020;\">.\u201d<\/span><\/p>\n<p><span style=\"color: #202020;\"><a href=\"http:\/\/teatrodovestido.org\/blog\/wp-content\/uploads\/2021\/05\/m3.jpg\"><img loading=\"lazy\" decoding=\"async\" class=\"alignleft wp-image-10288 size-large\" src=\"http:\/\/teatrodovestido.org\/blog\/wp-content\/uploads\/2021\/05\/m3-1024x682.jpg\" alt=\"m3\" width=\"640\" height=\"426\" srcset=\"http:\/\/teatrodovestido.org\/blog\/wp-content\/uploads\/2021\/05\/m3-1024x682.jpg 1024w, http:\/\/teatrodovestido.org\/blog\/wp-content\/uploads\/2021\/05\/m3-300x200.jpg 300w, http:\/\/teatrodovestido.org\/blog\/wp-content\/uploads\/2021\/05\/m3-500x333.jpg 500w\" sizes=\"(max-width: 640px) 100vw, 640px\" \/><\/a><\/span><\/p>\n<p>&nbsp;<\/p>\n<p style=\"color: #202020;\"><em>Que espect\u00e1culo \u00e9, ent\u00e3o, este? Que teatro \u00e9 este?<\/em>, como perguntava um espectador no final de uma das r\u00e9citas no Festival de Teatro de Almada. Constru\u00eddo a partir de uma intensa pesquisa ao longo de 6 anos, este projecto percorre mais de 80 anos da hist\u00f3ria de Portugal, centrando-se em tr\u00eas momentos\/per\u00edodos cruciais: A Ditadura do Estado Novo, a Revolu\u00e7\u00e3o do 25 de Abril de 1974, e o Processo Revolucion\u00e1rio que se lhe seguiu. Ao longo de quase 6 horas de teatro \u2013 pontuadas pelas hist\u00f3rias de vida, objectos, documentos, e muito mais coisas recolhidas por Joana Craveiro \u2013 com um jantar revolucion\u00e1rio de permeio, desenrola-se este verdadeiro acontecimento teatral, naquilo que a jornalista\u00a0<a style=\"color: #007c89;\" href=\"https:\/\/www.publico.pt\/2014\/11\/13\/culturaipsilon\/noticia\/o-passado-colectivo-jamais-sera-vencido-1676010\" target=\"_blank\">In\u00eas Nadais<\/a>\u00a0descreveu como \u201c<em>uma reconstitui\u00e7\u00e3o \u2018quase detectivesca\u2019 de uma boa parte do s\u00e9culo XX portugu\u00eas \u2013 incluindo pessoas comuns que nunca tinham falado e que, mais do que \u2018personagens reais\u2019 de um espect\u00e1culo de teatro, se transformam aqui em protagonistas da Hist\u00f3ria.<\/em>\u201d Palavras-chave a reter desta descri\u00e7\u00e3o acutilante de In\u00eas Nadais:\u00a0<strong>pessoas comuns\u00a0<\/strong>tornadas\u00a0<strong>protagonistas<\/strong>.<\/p>\n<p style=\"color: #202020;\"><a href=\"http:\/\/teatrodovestido.org\/blog\/wp-content\/uploads\/2021\/05\/m2.jpg\"><img loading=\"lazy\" decoding=\"async\" class=\"alignleft wp-image-10287 size-large\" src=\"http:\/\/teatrodovestido.org\/blog\/wp-content\/uploads\/2021\/05\/m2-1024x682.jpg\" alt=\"m2\" width=\"640\" height=\"426\" srcset=\"http:\/\/teatrodovestido.org\/blog\/wp-content\/uploads\/2021\/05\/m2-1024x682.jpg 1024w, http:\/\/teatrodovestido.org\/blog\/wp-content\/uploads\/2021\/05\/m2-300x200.jpg 300w, http:\/\/teatrodovestido.org\/blog\/wp-content\/uploads\/2021\/05\/m2-500x333.jpg 500w\" sizes=\"(max-width: 640px) 100vw, 640px\" \/><\/a><\/p>\n<p style=\"color: #202020;\">Ou a Hist\u00f3ria escrita por quem a fez enquanto a vivia simultaneamente. E aqui reproduzida por quem a ouviu ser contada por esses que a fizeram, de facto.<\/p>\n<p style=\"color: #202020;\">Um Museu Vivo de Mem\u00f3rias Pequenas e Esquecidas figurou na lista dos melhores espect\u00e1culos do ano 2014 dos jornais Expresso e P\u00fablico e foi nomeado para melhor espect\u00e1culo do ano pela Sociedade Portuguesa de Autores. Recebeu o Pr\u00e9mio do P\u00fablico do Festival de Almada em 2015. Tem estado em digress\u00e3o desde a sua estreia em 2014, tendo sido apresentado internacionalmente, em Londres, Paris, Santiago de Compostela, Santos e Belo Horizonte.<\/p>\n<p><strong>Bilhetes \u00e0 venda no\u00a0<a style=\"font-weight: normal; color: #007c89;\" href=\"https:\/\/www.tnsj.pt\/pt\/espetaculos\/6112\/um-museu-vivo-de-memorias-pequenas-e-esquecidas\" target=\"_blank\">Teatro Nacional S\u00e3o Jo\u00e3o<\/a><\/strong><\/p>\n<p style=\"color: #202020; text-align: center;\">*<\/p>\n<h5 style=\"color: #222222;\"><strong>Investiga\u00e7\u00e3o, texto, direc\u00e7\u00e3o e interpreta\u00e7\u00e3o\u00a0<\/strong>Joana Craveiro\u00a0<strong>Colabora\u00e7\u00e3o criativa e assist\u00eancia\u00a0<\/strong>Rosinda Costa e T\u00e2nia Guerreiro\u00a0<strong>Figurinos\u00a0<\/strong>Ainhoa Vidal\u00a0<strong>Desenho de luz<\/strong>\u00a0Jo\u00e3o Cachulo\u00a0<strong>Opera\u00e7\u00e3o de Luz<\/strong>\u00a0Crist\u00f3v\u00e3o Cunha\u00a0<strong>Opera\u00e7\u00e3o de Som\u00a0<\/strong>Igor de Brito\u00a0<strong>Direc\u00e7\u00e3o de produ\u00e7\u00e3o\u00a0<\/strong>Ala\u00edde Costa\u00a0<strong>Co-produ\u00e7\u00e3o<\/strong>\u00a0Teatro do Vestido, Neg\u00f3cio\/ZDB, S\u00e3o Luiz Teatro Municipal\u00a0<strong>Apoio\u00a0<\/strong>Citemor \u2013 Festival de Montemor-o-Velho e Festival Alkantara<\/h5>\n<h5 style=\"text-align: center;\">*<\/h5>\n<h6 style=\"color: #222222;\"><em>\u201cUm Museu Vivo de Mem\u00f3rias Pequenas e Esquecidas\u201d estreou em 2014, no contexto da Tese de Doutoramento de Joana Craveiro. A realiza\u00e7\u00e3o da tese contou com o apoio de Rep\u00fablica Portuguesa &#8211; Ci\u00eancia e Tecnologia, Funda\u00e7\u00e3o para a Ci\u00eancia e Tecnologia, QREN \u2013 Quadro de Refer\u00eancia Estrat\u00e9gico Nacional, UE \u2013 Fundo Social Europeu<\/em><\/h6>\n<p style=\"text-align: center;\">*<\/p>\n<h5><span style=\"color: #000000;\">O Teatro do Vestido tem o apoio de Rep\u00fablica Portuguesa \u2013 Cultura |\u00a0<a href=\"https:\/\/www.dgartes.gov.pt\/pt\/evento\/4111\">DGARTES<\/a><\/span><\/h5>\n<p>&nbsp;<\/p>\n","protected":false},"excerpt":{"rendered":"<p>Um Museu Vivo de Mem\u00f3rias Pequenas e Esquecidas Uma cria\u00e7\u00e3o do Teatro do Vestido, com investiga\u00e7\u00e3o, texto, direc\u00e7\u00e3o e interpreta\u00e7\u00e3o de Joana Craveiro 7 e 8 de Maio | 15h00 | Teatro Carlos Alberto &#8211; PortoFITEI 2021\u00a0| Festival Internacional de &hellip; <a href=\"http:\/\/teatrodovestido.org\/blog\/?p=10282\">Continue reading <span class=\"meta-nav\">&rarr;<\/span><\/a><\/p>\n","protected":false},"author":1,"featured_media":0,"comment_status":"closed","ping_status":"closed","sticky":false,"template":"","format":"standard","meta":{"footnotes":""},"categories":[1],"tags":[],"class_list":["post-10282","post","type-post","status-publish","format-standard","hentry","category-tdv"],"_links":{"self":[{"href":"http:\/\/teatrodovestido.org\/blog\/index.php?rest_route=\/wp\/v2\/posts\/10282"}],"collection":[{"href":"http:\/\/teatrodovestido.org\/blog\/index.php?rest_route=\/wp\/v2\/posts"}],"about":[{"href":"http:\/\/teatrodovestido.org\/blog\/index.php?rest_route=\/wp\/v2\/types\/post"}],"author":[{"embeddable":true,"href":"http:\/\/teatrodovestido.org\/blog\/index.php?rest_route=\/wp\/v2\/users\/1"}],"replies":[{"embeddable":true,"href":"http:\/\/teatrodovestido.org\/blog\/index.php?rest_route=%2Fwp%2Fv2%2Fcomments&post=10282"}],"version-history":[{"count":6,"href":"http:\/\/teatrodovestido.org\/blog\/index.php?rest_route=\/wp\/v2\/posts\/10282\/revisions"}],"predecessor-version":[{"id":10291,"href":"http:\/\/teatrodovestido.org\/blog\/index.php?rest_route=\/wp\/v2\/posts\/10282\/revisions\/10291"}],"wp:attachment":[{"href":"http:\/\/teatrodovestido.org\/blog\/index.php?rest_route=%2Fwp%2Fv2%2Fmedia&parent=10282"}],"wp:term":[{"taxonomy":"category","embeddable":true,"href":"http:\/\/teatrodovestido.org\/blog\/index.php?rest_route=%2Fwp%2Fv2%2Fcategories&post=10282"},{"taxonomy":"post_tag","embeddable":true,"href":"http:\/\/teatrodovestido.org\/blog\/index.php?rest_route=%2Fwp%2Fv2%2Ftags&post=10282"}],"curies":[{"name":"wp","href":"https:\/\/api.w.org\/{rel}","templated":true}]}}