{"id":10167,"date":"2020-05-01T15:00:49","date_gmt":"2020-05-01T14:00:49","guid":{"rendered":"http:\/\/teatrodovestido.org\/?p=10167"},"modified":"2020-05-06T15:23:33","modified_gmt":"2020-05-06T14:23:33","slug":"1o-de-maio-1886-1890-1974-2020","status":"publish","type":"post","link":"http:\/\/teatrodovestido.org\/blog\/?p=10167","title":{"rendered":"1\u00ba de Maio  1886-1890-1974-2020"},"content":{"rendered":"<h3>(e todos os anos de permeio em que n\u00e3o se podia comemorar)<\/h3>\n<div class=\"o9v6fnle cxmmr5t8 oygrvhab hcukyx3x c1et5uql ii04i59q\">\n<h3 dir=\"auto\">N\u00e3o pod\u00edamos deixar de assinalar. De estar presentes.<\/h3>\n<h3 dir=\"auto\">Da cidade lavada e livre, com esperan\u00e7a e dentes cerrados, aqui vai:<a href=\"https:\/\/soundcloud.com\/user-666491985\/1-comunicado-1-de-maio\/s-haA2j7WcmH2\"><br \/>\n<\/a><\/h3>\n<h5 dir=\"auto\">(<a href=\"https:\/\/soundcloud.com\/user-666491985\/1-comunicado-1-de-maio\/s-haA2j7WcmH2\">clicar para ouvir<\/a>)<\/h5>\n<\/div>\n<h5>Fotos: Acervo M.A.<\/h5>\n<p><a href=\"http:\/\/teatrodovestido.org\/blog\/wp-content\/uploads\/2020\/05\/Foto-1-Esp\u00f3lio-M.A..jpg\"><img loading=\"lazy\" decoding=\"async\" class=\"aligncenter size-full wp-image-10168\" src=\"http:\/\/teatrodovestido.org\/blog\/wp-content\/uploads\/2020\/05\/Foto-1-Esp\u00f3lio-M.A..jpg\" alt=\"Foto 1 Esp\u00f3lio M.A.\" width=\"815\" height=\"544\" srcset=\"http:\/\/teatrodovestido.org\/blog\/wp-content\/uploads\/2020\/05\/Foto-1-Esp\u00f3lio-M.A..jpg 815w, http:\/\/teatrodovestido.org\/blog\/wp-content\/uploads\/2020\/05\/Foto-1-Esp\u00f3lio-M.A.-300x200.jpg 300w, http:\/\/teatrodovestido.org\/blog\/wp-content\/uploads\/2020\/05\/Foto-1-Esp\u00f3lio-M.A.-500x333.jpg 500w\" sizes=\"(max-width: 815px) 100vw, 815px\" \/><\/a><\/p>\n<p><a href=\"http:\/\/teatrodovestido.org\/blog\/wp-content\/uploads\/2020\/05\/Foto-2-Esp\u00f3lio-M.A..jpg\"><img loading=\"lazy\" decoding=\"async\" class=\"aligncenter size-full wp-image-10169\" src=\"http:\/\/teatrodovestido.org\/blog\/wp-content\/uploads\/2020\/05\/Foto-2-Esp\u00f3lio-M.A..jpg\" alt=\"Foto 2 Esp\u00f3lio M.A.\" width=\"871\" height=\"597\" srcset=\"http:\/\/teatrodovestido.org\/blog\/wp-content\/uploads\/2020\/05\/Foto-2-Esp\u00f3lio-M.A..jpg 871w, http:\/\/teatrodovestido.org\/blog\/wp-content\/uploads\/2020\/05\/Foto-2-Esp\u00f3lio-M.A.-300x205.jpg 300w, http:\/\/teatrodovestido.org\/blog\/wp-content\/uploads\/2020\/05\/Foto-2-Esp\u00f3lio-M.A.-500x342.jpg 500w\" sizes=\"(max-width: 871px) 100vw, 871px\" \/><\/a><\/p>\n","protected":false},"excerpt":{"rendered":"<p>(e todos os anos de permeio em que n\u00e3o se podia comemorar) N\u00e3o pod\u00edamos deixar de assinalar. De estar presentes. Da cidade lavada e livre, com esperan\u00e7a e dentes cerrados, aqui vai: (clicar para ouvir) Fotos: Acervo M.A.<\/p>\n","protected":false},"author":1,"featured_media":0,"comment_status":"closed","ping_status":"closed","sticky":false,"template":"","format":"standard","meta":{"footnotes":""},"categories":[1],"tags":[],"class_list":["post-10167","post","type-post","status-publish","format-standard","hentry","category-tdv"],"_links":{"self":[{"href":"http:\/\/teatrodovestido.org\/blog\/index.php?rest_route=\/wp\/v2\/posts\/10167"}],"collection":[{"href":"http:\/\/teatrodovestido.org\/blog\/index.php?rest_route=\/wp\/v2\/posts"}],"about":[{"href":"http:\/\/teatrodovestido.org\/blog\/index.php?rest_route=\/wp\/v2\/types\/post"}],"author":[{"embeddable":true,"href":"http:\/\/teatrodovestido.org\/blog\/index.php?rest_route=\/wp\/v2\/users\/1"}],"replies":[{"embeddable":true,"href":"http:\/\/teatrodovestido.org\/blog\/index.php?rest_route=%2Fwp%2Fv2%2Fcomments&post=10167"}],"version-history":[{"count":2,"href":"http:\/\/teatrodovestido.org\/blog\/index.php?rest_route=\/wp\/v2\/posts\/10167\/revisions"}],"predecessor-version":[{"id":10175,"href":"http:\/\/teatrodovestido.org\/blog\/index.php?rest_route=\/wp\/v2\/posts\/10167\/revisions\/10175"}],"wp:attachment":[{"href":"http:\/\/teatrodovestido.org\/blog\/index.php?rest_route=%2Fwp%2Fv2%2Fmedia&parent=10167"}],"wp:term":[{"taxonomy":"category","embeddable":true,"href":"http:\/\/teatrodovestido.org\/blog\/index.php?rest_route=%2Fwp%2Fv2%2Fcategories&post=10167"},{"taxonomy":"post_tag","embeddable":true,"href":"http:\/\/teatrodovestido.org\/blog\/index.php?rest_route=%2Fwp%2Fv2%2Ftags&post=10167"}],"curies":[{"name":"wp","href":"https:\/\/api.w.org\/{rel}","templated":true}]}}